{"id":5856,"date":"2019-03-15T17:00:56","date_gmt":"2019-03-15T16:00:56","guid":{"rendered":"https:\/\/literarnenoviny.sk\/servis\/?p=5856"},"modified":"2019-03-16T11:46:24","modified_gmt":"2019-03-16T10:46:24","slug":"zacal-sa-knizny-veltrh-livre-paris-na-ktorom-sa-predstavi-slovenska-literatura","status":"publish","type":"post","link":"https:\/\/literarnenoviny.sk\/servis\/zacal-sa-knizny-veltrh-livre-paris-na-ktorom-sa-predstavi-slovenska-literatura\/","title":{"rendered":"Za\u010dal sa&nbsp;kni\u017en\u00fd ve\u013etrh Livre Paris, na&nbsp;ktorom sa&nbsp;predstav\u00ed slovensk\u00e1 literat\u00fara"},"content":{"rendered":"<p><strong>V Par\u00ed\u017ei sa&nbsp;za\u010dal v\u00fdznamn\u00fd kni\u017en\u00fd ve\u013etrh <em><a href=\"https:\/\/www.livreparis.com\/\" rel=\"noopener noreferrer\" target=\"_blank\">Livre Paris<\/a><\/em>, na&nbsp;ktorom sa&nbsp;okrem in\u00e9ho predstav\u00ed aj s\u00fa\u010dasn\u00e1 slovensk\u00e1 literat\u00fara<\/strong>. Po\u010das nasleduj\u00facich dn\u00ed bude na&nbsp;\u0148om Bratislava \u010destn\u00fdm hos\u0165om.<\/p>\n<p>\u0160peci\u00e1lnu slovensk\u00fa expoz\u00edciu charakterizuje slogan <em>\u201eNa okraji, v&nbsp;strede\u201c<\/em>. <\/p>\n<p>Svoje knihy pr\u00eddu na&nbsp;par\u00ed\u017esky ve\u013etrh osobne predstavi\u0165 takmer v\u0161etci autori, ktor\u00fdch diela sa&nbsp;v&nbsp;ostatn\u00fdch mesiacoch prekladali do&nbsp;franc\u00faz\u0161iny. Napr\u00edklad b\u00e1snici Ivan \u0160trpka, Mila Haugov\u00e1, M\u00e1ria Feren\u010duhov\u00e1, \u010di&nbsp;prozaici Jana Jur\u00e1\u0148ov\u00e1, Irena Bre\u017en\u00e1, Pavel Vilikovsk\u00fd, Pavol Rankov, Balla\u2026 <\/p>\n<p><center><div class=\"gca-utility vertical-spacer\"><\/div><a data-flickr-embed=\"true\"  href=\"https:\/\/www.flickr.com\/photos\/livreparis\/47334247232\/in\/album-72157707375464755\/\" title=\"\u00a9 Collectif Emmanuel Nguyen Ngoc. Droits r\u00e9serv\u00e9s \/ Mention du nom obligatoire\"><img decoding=\"async\" loading=\"lazy\" src=\"https:\/\/farm5.staticflickr.com\/4835\/47334247232_ac9cfa5a0f.jpg\" width=\"500\" height=\"333\" alt=\"\u00a9 Collectif Emmanuel Nguyen Ngoc. Droits r\u00e9serv\u00e9s \/ Mention du nom obligatoire\"><\/a><script async src=\"\/\/embedr.flickr.com\/assets\/client-code.js\" charset=\"utf-8\"><\/script><div class=\"gca-utility vertical-spacer\"><\/div><\/center><\/p>\n<p>Partnermi v&nbsp;diskusi\u00e1ch im bud\u00fa franc\u00fazsky b\u00e1snik a&nbsp;editor vydavate\u013estva <em>Gallimard<\/em> Guy Goffette, a&nbsp;tie\u017e u&nbsp;n\u00e1s popul\u00e1rny prozaik Laurent Binet.<\/p>\n<p>Okrem na\u0161ich autorov ve\u013etrh priv\u00edta aj tureck\u00e9ho spisovate\u013ea a&nbsp;nobelistu <a href=\"https:\/\/sk.wikipedia.org\/wiki\/Orhan_Pamuk\" rel=\"noopener noreferrer\" target=\"_blank\">Orhana Pamuka<\/a> alebo rusk\u00e9ho postmodernistu <a href=\"https:\/\/sk.wikipedia.org\/wiki\/Vladimir_Georgijevi\u010d_Sorokin\" rel=\"noopener noreferrer\" target=\"_blank\">Vladim\u00edra Sorokina<\/a>.<\/p>\n<p>Tohtoro\u010dn\u00fd Livre Paris je&nbsp;venovan\u00fd Eur\u00f3pskej \u00fanii a&nbsp;eur\u00f3pska politick\u00e1 i&nbsp;spolo\u010densk\u00e1 situ\u00e1cia bude aj \u0165a\u017eiskovou t\u00e9mou deb\u00e1t na&nbsp;hlavnom p\u00f3diu. <\/p>\n<p>Prest\u00ed\u017eny kni\u017en\u00fd ve\u013etrh potrv\u00e1 a\u017e do&nbsp;pondelka 18.&nbsp;marca.<\/p>\n<p style=\"text-align: right;\"><small>&mdash;&nbsp;Addmedia a&nbsp;<a href=\"https:\/\/www.livreparis.com\/\" target=\"_blank\" rel=\"noopener noreferrer\">Livre Paris<\/a><\/small><\/p>\n<div class=\"gca-utility clearfix\"><\/div>\n<div class=\"gca-utility vertical-spacer\"><\/div>\n<p><center><span class=\"fullscreen\"><a href=\"\/\/www.martinus.sk\/?z=WLGC7F&#038;utm_source=z%3DWLGC7F&#038;utm_medium=banner1_468x60&#038;utm_campaign=partner\"><img decoding=\"async\" src=\"\/\/www.martinus.sk\/images\/banners\/468x60.jpg\" alt=\"www.martinus.sk\" \/><\/a><\/span><\/center><\/p>\n","protected":false},"excerpt":{"rendered":"<p>V Par\u00ed\u017ei sa&nbsp;za\u010dal v\u00fdznamn\u00fd kni\u017en\u00fd ve\u013etrh Livre Paris, na&nbsp;ktorom sa&nbsp;okrem in\u00e9ho predstav\u00ed aj s\u00fa\u010dasn\u00e1 slovensk\u00e1 literat\u00fara. Po\u010das nasleduj\u00facich \u0161tyroch dn\u00ed bude na&nbsp;\u0148om Bratislava \u010destn\u00fdm hos\u0165om. \u0160peci\u00e1lnu slovensk\u00fa expoz\u00edciu charakterizuje slogan Na&nbsp;okraji, v&nbsp;strede.  <a href=\"https:\/\/literarnenoviny.sk\/servis\/zacal-sa-knizny-veltrh-livre-paris-na-ktorom-sa-predstavi-slovenska-literatura\/\" class=\"more-link\">Cel\u00e1 spr\u00e1va <span class=\"meta-nav\">&rarr;<\/span><\/a><\/p>\n","protected":false},"author":2,"featured_media":0,"comment_status":"closed","ping_status":"closed","sticky":false,"template":"","format":"standard","meta":{"_links_to":"","_links_to_target":""},"categories":[1],"tags":[4,48,100],"_links":{"self":[{"href":"https:\/\/literarnenoviny.sk\/servis\/wp-json\/wp\/v2\/posts\/5856"}],"collection":[{"href":"https:\/\/literarnenoviny.sk\/servis\/wp-json\/wp\/v2\/posts"}],"about":[{"href":"https:\/\/literarnenoviny.sk\/servis\/wp-json\/wp\/v2\/types\/post"}],"author":[{"embeddable":true,"href":"https:\/\/literarnenoviny.sk\/servis\/wp-json\/wp\/v2\/users\/2"}],"replies":[{"embeddable":true,"href":"https:\/\/literarnenoviny.sk\/servis\/wp-json\/wp\/v2\/comments?post=5856"}],"version-history":[{"count":0,"href":"https:\/\/literarnenoviny.sk\/servis\/wp-json\/wp\/v2\/posts\/5856\/revisions"}],"wp:attachment":[{"href":"https:\/\/literarnenoviny.sk\/servis\/wp-json\/wp\/v2\/media?parent=5856"}],"wp:term":[{"taxonomy":"category","embeddable":true,"href":"https:\/\/literarnenoviny.sk\/servis\/wp-json\/wp\/v2\/categories?post=5856"},{"taxonomy":"post_tag","embeddable":true,"href":"https:\/\/literarnenoviny.sk\/servis\/wp-json\/wp\/v2\/tags?post=5856"}],"curies":[{"name":"wp","href":"https:\/\/api.w.org\/{rel}","templated":true}]}}