{"id":5774,"date":"2019-03-13T18:00:21","date_gmt":"2019-03-13T17:00:21","guid":{"rendered":"https:\/\/literarnenoviny.sk\/servis\/?p=5774"},"modified":"2019-03-14T10:32:36","modified_gmt":"2019-03-14T09:32:36","slug":"cenu-dominika-tatarku-ziskali-organizatori-zhromazdeni-za-slusne-slovensko","status":"publish","type":"post","link":"https:\/\/literarnenoviny.sk\/servis\/cenu-dominika-tatarku-ziskali-organizatori-zhromazdeni-za-slusne-slovensko\/","title":{"rendered":"Cenu Dominika Tatarku z\u00edskali organiz\u00e1tori zhroma\u017eden\u00ed Za&nbsp;slu\u0161n\u00e9 Slovensko"},"content":{"rendered":"<p><strong>Tohtoro\u010dn\u00fa Cenu Dominika Tatarku z\u00edskali za&nbsp;zborn\u00edk <em><a href=\"https:\/\/www.martinus.sk\/?uItem=441161&#038;z=WLGC7F&#038;utm_source=z%3DWLGC7F&#038;utm_medium=url&#038;utm_campaign=partner\" rel=\"noopener noreferrer\" target=\"_blank\">My sme t\u00ed, na&nbsp;ktor\u00fdch sme \u010dakali<\/a><\/em> organiz\u00e1tori protestn\u00fdch zhroma\u017eden\u00ed Za&nbsp;slu\u0161n\u00e9 Slovensko<\/strong>. Kni\u017en\u00fd titul vy\u0161iel vlani vo&nbsp;vydavate\u013estve Artforum.<\/p>\n<p>Zborn\u00edk je&nbsp;zostaven\u00fd z&nbsp;pr\u00edhovorov na&nbsp;zhroma\u017edeniach, ktor\u00e9 reagovali na&nbsp;smr\u0165 novin\u00e1ra J\u00e1na Kuciaka a&nbsp;jeho priate\u013eky Martiny Ku\u0161n\u00edrovej. Okrem nich obsahuje fotografie a&nbsp;doslovy politologi\u010dky O\u013egy Gy\u00e1rf\u00e1\u0161ovej a&nbsp;sociol\u00f3ga Michala Va\u0161e\u010dku. <\/p>\n<p><center><div class=\"gca-utility vertical-spacer\"><\/div><iframe loading=\"lazy\" src=\"https:\/\/www.facebook.com\/plugins\/post.php?href=https%3A%2F%2Fwww.facebook.com%2FKnihkupectvoArtforum%2Fphotos%2Fa.139977163274%2F10157993474928275%2F%3Ftype%3D3&#038;width=500\" width=\"360\" height=\"546\" style=\"border:none;overflow:hidden\" scrolling=\"no\" frameborder=\"0\" allowTransparency=\"true\" allow=\"encrypted-media\"><\/iframe><div class=\"gca-utility vertical-spacer\"><\/div><\/center><\/p>\n<p><em>\u201eCenu Dominika Tatarku neude\u013eujeme len za&nbsp;liter\u00e1rne texty. V\u017edy ide o&nbsp;ocenenie kvalitn\u00fdch textov a&nbsp;takisto ocenenie ob\u010dianskeho postoja,\u201c<\/em> uviedol liter\u00e1rny vedec Peter Zajac, ktor\u00fd je&nbsp;predsedom poroty.<\/p>\n<p>Prest\u00ed\u017enu liter\u00e1rnu Cenu Dominika Tatarku ude\u013euj\u00fa od&nbsp;roku 1995 a&nbsp;jej dr\u017eite\u013emi s\u00fa napr\u00edklad Pavel Vilikovsk\u00fd, Du\u0161an Du\u0161ek, Tom\u00e1\u0161 Janovic, Stanislav Rak\u00fas, Mila Haugov\u00e1 \u010di&nbsp;Milan Lasica. <\/p>\n<p style=\"text-align: right;\"><small>&mdash;&nbsp;<!a href=\"\" target=\"_blank\" rel=\"noopener noreferrer\">Addmedia<\/a><\/small><\/p>\n<div class=\"gca-utility clearfix\"><\/div>\n<div class=\"gca-utility vertical-spacer\"><\/div>\n<p><center><span class=\"fullscreen\"><script type=\"text\/javascript\" src=\"\/\/partner.mrtns.eu\/banners\/banner.js?type=banner&#038;brand_id=1&#038;uItem=441161&#038;size=full&#038;show_price=0&#038;color=blue&#038;z=WLGC7F\"><\/script><\/span><\/center><\/p>\n","protected":false},"excerpt":{"rendered":"<p>Tohtoro\u010dn\u00fa Cenu Dominika Tatarku z\u00edskali za&nbsp;zborn\u00edk My sme t\u00ed, na&nbsp;ktor\u00fdch sme \u010dakali \u0161estn\u00e1sti organiz\u00e1tori protestn\u00fdch zhroma\u017eden\u00ed Za&nbsp;slu\u0161n\u00e9 Slovensko. Kni\u017en\u00fd titul vy\u0161iel vlani vo&nbsp;vydavate\u013estve Artforum. <a href=\"https:\/\/literarnenoviny.sk\/servis\/cenu-dominika-tatarku-ziskali-organizatori-zhromazdeni-za-slusne-slovensko\/\" class=\"more-link\">Cel\u00e1 spr\u00e1va <span class=\"meta-nav\">&rarr;<\/span><\/a><\/p>\n","protected":false},"author":2,"featured_media":0,"comment_status":"closed","ping_status":"closed","sticky":false,"template":"","format":"standard","meta":{"_links_to":"","_links_to_target":""},"categories":[1],"tags":[21,76,23],"_links":{"self":[{"href":"https:\/\/literarnenoviny.sk\/servis\/wp-json\/wp\/v2\/posts\/5774"}],"collection":[{"href":"https:\/\/literarnenoviny.sk\/servis\/wp-json\/wp\/v2\/posts"}],"about":[{"href":"https:\/\/literarnenoviny.sk\/servis\/wp-json\/wp\/v2\/types\/post"}],"author":[{"embeddable":true,"href":"https:\/\/literarnenoviny.sk\/servis\/wp-json\/wp\/v2\/users\/2"}],"replies":[{"embeddable":true,"href":"https:\/\/literarnenoviny.sk\/servis\/wp-json\/wp\/v2\/comments?post=5774"}],"version-history":[{"count":0,"href":"https:\/\/literarnenoviny.sk\/servis\/wp-json\/wp\/v2\/posts\/5774\/revisions"}],"wp:attachment":[{"href":"https:\/\/literarnenoviny.sk\/servis\/wp-json\/wp\/v2\/media?parent=5774"}],"wp:term":[{"taxonomy":"category","embeddable":true,"href":"https:\/\/literarnenoviny.sk\/servis\/wp-json\/wp\/v2\/categories?post=5774"},{"taxonomy":"post_tag","embeddable":true,"href":"https:\/\/literarnenoviny.sk\/servis\/wp-json\/wp\/v2\/tags?post=5774"}],"curies":[{"name":"wp","href":"https:\/\/api.w.org\/{rel}","templated":true}]}}