{"id":5656,"date":"2019-03-07T12:00:58","date_gmt":"2019-03-07T11:00:58","guid":{"rendered":"https:\/\/literarnenoviny.sk\/servis\/?p=5656"},"modified":"2019-03-11T09:53:27","modified_gmt":"2019-03-11T08:53:27","slug":"znamy-bratislavsky-knizny-festival-zmenil-grafiku-termin-aj-miesto-konania","status":"publish","type":"post","link":"https:\/\/literarnenoviny.sk\/servis\/znamy-bratislavsky-knizny-festival-zmenil-grafiku-termin-aj-miesto-konania\/","title":{"rendered":"Zn\u00e1my Bratislavsk\u00fd kni\u017en\u00fd festival zmenil grafiku, term\u00edn aj miesto konania"},"content":{"rendered":"<p><strong>Bratislavsk\u00fd kni\u017en\u00fd festival, zn\u00e1my aj pod skratkou <a href=\"http:\/\/brakfestival.sk\/\" rel=\"noopener noreferrer\" target=\"_blank\">BRaK<\/a>, zmenil svoju grafiku, term\u00edn aj miesto konania<\/strong>. Informoval o&nbsp;tom <a href=\"https:\/\/dennikn.sk\/minuta\/1402630\/\" rel=\"noopener noreferrer\" target=\"_blank\">Denn\u00edk N<\/a>.<\/p>\n<p>Hlavn\u00e1 \u010das\u0165 u\u017e&nbsp;tradi\u010dn\u00e9ho liter\u00e1rneho podujatia sa&nbsp;tento rok uskuto\u010dn\u00ed v&nbsp;d\u0148och 14. \u2013 16.&nbsp;j\u00fana a&nbsp;bude po&nbsp;prv\u00fdkr\u00e1t prebieha\u0165 v&nbsp;priestoroch Novej Cvernovky na&nbsp;Ra\u010dianskej ulici.<\/p>\n<p><center><div class=\"gca-utility vertical-spacer\"><\/div><iframe loading=\"lazy\" src=\"https:\/\/www.facebook.com\/plugins\/post.php?href=https%3A%2F%2Fwww.facebook.com%2Fbrakfestival%2Fposts%2F1064245160453271&#038;width=500\" width=\"500\" height=\"348\" style=\"border:none;overflow:hidden\" scrolling=\"no\" frameborder=\"0\" allowTransparency=\"true\" allow=\"encrypted-media\"><\/iframe><div class=\"gca-utility vertical-spacer\"><\/div><\/center><\/p>\n<p>Festival BRaK prezentuje svoju nov\u00fa grafick\u00fa identitu pre&nbsp;rok 2019 na&nbsp;<a href=\"https:\/\/www.facebook.com\/brakfestival\/\" rel=\"noopener noreferrer\" target=\"_blank\">facebookovej str\u00e1nke<\/a>. Jej autorom je&nbsp;slovensk\u00fd v\u00fdtvarn\u00edk Mat\u00fa\u0161 Hn\u00e1t.<\/p>\n<p style=\"text-align: right;\"><small>&mdash;&nbsp;<a href=\"https:\/\/dennikn.sk\/minuta\/1402630\/\" target=\"_blank\" rel=\"noopener noreferrer\">Denn\u00edk N<\/a><\/small><\/p>\n<div class=\"gca-utility clearfix\"><\/div>\n<div class=\"gca-utility vertical-spacer\"><\/div>\n<p><center><span class=\"fullscreen\"><a href=\"\/\/www.martinus.sk\/?z=WLGC7F&#038;utm_source=z%3DWLGC7F&#038;utm_medium=banner1_468x60&#038;utm_campaign=partner\"><img decoding=\"async\" src=\"\/\/www.martinus.sk\/images\/banners\/468x60.jpg\" alt=\"www.martinus.sk\" \/><\/a><\/span><\/center><\/p>\n","protected":false},"excerpt":{"rendered":"<p>Bratislavsk\u00fd kni\u017en\u00fd festival, zn\u00e1my aj pod skratkou BRaK, zmenil svoju grafick\u00fa identitu, term\u00edn aj miesto konania. Hlavn\u00e1 \u010das\u0165 u\u017e&nbsp;tradi\u010dn\u00e9ho liter\u00e1rneho podujatia sa&nbsp;tento rok uskuto\u010dn\u00ed v&nbsp;d\u0148och 14. \u2013 16.&nbsp;j\u00fana a&nbsp;bude po&nbsp;prv\u00fdkr\u00e1t prebieha\u0165 v&nbsp;priestoroch Novej Cvernovky na&nbsp;Ra\u010dianskej ulici. <a href=\"https:\/\/literarnenoviny.sk\/servis\/znamy-bratislavsky-knizny-festival-zmenil-grafiku-termin-aj-miesto-konania\/\" class=\"more-link\">Cel\u00e1 spr\u00e1va <span class=\"meta-nav\">&rarr;<\/span><\/a><\/p>\n","protected":false},"author":2,"featured_media":0,"comment_status":"closed","ping_status":"closed","sticky":false,"template":"","format":"standard","meta":{"_links_to":"","_links_to_target":""},"categories":[1],"tags":[15,14,4],"_links":{"self":[{"href":"https:\/\/literarnenoviny.sk\/servis\/wp-json\/wp\/v2\/posts\/5656"}],"collection":[{"href":"https:\/\/literarnenoviny.sk\/servis\/wp-json\/wp\/v2\/posts"}],"about":[{"href":"https:\/\/literarnenoviny.sk\/servis\/wp-json\/wp\/v2\/types\/post"}],"author":[{"embeddable":true,"href":"https:\/\/literarnenoviny.sk\/servis\/wp-json\/wp\/v2\/users\/2"}],"replies":[{"embeddable":true,"href":"https:\/\/literarnenoviny.sk\/servis\/wp-json\/wp\/v2\/comments?post=5656"}],"version-history":[{"count":0,"href":"https:\/\/literarnenoviny.sk\/servis\/wp-json\/wp\/v2\/posts\/5656\/revisions"}],"wp:attachment":[{"href":"https:\/\/literarnenoviny.sk\/servis\/wp-json\/wp\/v2\/media?parent=5656"}],"wp:term":[{"taxonomy":"category","embeddable":true,"href":"https:\/\/literarnenoviny.sk\/servis\/wp-json\/wp\/v2\/categories?post=5656"},{"taxonomy":"post_tag","embeddable":true,"href":"https:\/\/literarnenoviny.sk\/servis\/wp-json\/wp\/v2\/tags?post=5656"}],"curies":[{"name":"wp","href":"https:\/\/api.w.org\/{rel}","templated":true}]}}