{"id":5640,"date":"2019-03-06T20:00:45","date_gmt":"2019-03-06T19:00:45","guid":{"rendered":"https:\/\/literarnenoviny.sk\/servis\/?p=5640"},"modified":"2019-03-07T07:54:21","modified_gmt":"2019-03-07T06:54:21","slug":"porota-ceskej-ceny-magnesia-litera-zverejnila-nominacie-na-knihy-roka-2018","status":"publish","type":"post","link":"https:\/\/literarnenoviny.sk\/servis\/porota-ceskej-ceny-magnesia-litera-zverejnila-nominacie-na-knihy-roka-2018\/","title":{"rendered":"Porota \u010deskej ceny Magnesia Litera zverejnila nomin\u00e1cie na&nbsp;knihy roka 2018"},"content":{"rendered":"<p><strong>Porotcovia \u010deskej <a href=\"https:\/\/www.magnesia-litera.cz\/\" rel=\"noopener noreferrer\" target=\"_blank\">Magnesie Litery<\/a> zverejnili svoje nomin\u00e1cie na&nbsp;ocenenia za&nbsp;najlep\u0161ie kni\u017en\u00e9 po\u010diny uplynul\u00e9ho roka<\/strong>. Vyberali z&nbsp;rekordn\u00e9ho po\u010dtu 412 prihl\u00e1sen\u00fdch titulov.<\/p>\n<p><em>\u201eJe to zvl\u00e1\u0161tny rok, tohtoro\u010dn\u00e9 ceny pon\u00fakaj\u00fa pomerne ve\u013ea debutov a&nbsp;z\u00e1rove\u0148 mno\u017estvo etablovan\u00fdch autorov,\u201c<\/em> uviedol predseda usporiadate\u013esk\u00e9ho spolku Pavel Mandys.<\/p>\n<p>V r\u00e1mci 18.&nbsp;ro\u010dn\u00edka n\u00e1rodnej liter\u00e1rnej s\u00fa\u0165a\u017ee m\u00f4\u017eu prest\u00ed\u017ene ocenenie Magnesia litera z\u00edska\u0165, rovnako ako v&nbsp;predch\u00e1dzaj\u00facich rokoch, niektor\u00e9 z&nbsp;27 nominovan\u00fdch kn\u00edh a&nbsp;\u0161iestich blogov.<\/p>\n<p><center><div class=\"gca-utility vertical-spacer\"><\/div>\n<blockquote class=\"twitter-tweet\" data-lang=\"sk\">\n<p lang=\"cs\" dir=\"ltr\">Nominace na&nbsp;leto\u0161n\u00ed Magnesii Literu jsou zve\u0159ejn\u011bny! Komu dr\u017e\u00edte palce? <a href=\"https:\/\/twitter.com\/hashtag\/magnesialitera2019?src=hash&amp;ref_src=twsrc%5Etfw\">#magnesialitera2019<\/a><a href=\"https:\/\/t.co\/E0CNnWjSj6\">https:\/\/t.co\/E0CNnWjSj6<\/a>?<\/p>\n<p>&mdash; Martinus.cz (@martinus_cz) <a href=\"https:\/\/twitter.com\/martinus_cz\/status\/1102907439966552076?ref_src=twsrc%5Etfw\">5.&nbsp;marca 2019<\/a><\/p><\/blockquote>\n<p><script async src=\"https:\/\/platform.twitter.com\/widgets.js\" charset=\"utf-8\"><\/script><div class=\"gca-utility vertical-spacer\"><\/div><\/center><\/p>\n<p>Nominovan\u00e9 knihy aj ich autorov predstav\u00ed postupne v&nbsp;d\u0148och od&nbsp;29.&nbsp;marca do&nbsp;6.&nbsp;apr\u00edla v\u017edy o&nbsp;20:00 na&nbsp;prvom programe <a href=\"https:\/\/www.ceskatelevize.cz\/\" rel=\"noopener noreferrer\" target=\"_blank\">\u010cesk\u00e1 telev\u00edzia<\/a>. <\/p>\n<p>V\u0161etci autori vyst\u00fapia aj na&nbsp;\u0161tyroch vo\u013ene pr\u00edstupn\u00fdch autorsk\u00fdch \u010d\u00edtaniach v&nbsp;pra\u017eskej <a href=\"https:\/\/www.vaclavhavel.cz\/\" rel=\"noopener noreferrer\" target=\"_blank\">Kni\u017enici V\u00e1clava Havla<\/a>.<\/p>\n<p>Najlep\u0161ia \u010desk\u00e1 pr\u00f3za, po\u00e9zia, objav \u010di&nbsp;vydavate\u013esk\u00fd \u010din a&nbsp;tie\u017e hlavn\u00e1 Kniha roka 2018 bud\u00fa vyhl\u00e1sen\u00e9 7.&nbsp;apr\u00edla v&nbsp;priamom prenose na&nbsp;telev\u00edznej stanici \u010cT art.<\/p>\n<p style=\"text-align: right;\"><small>&mdash;&nbsp;<a href=\"https:\/\/www.magnesia-litera.cz\/\" target=\"_blank\" rel=\"noopener noreferrer\">Magnesia Litera<\/a> a&nbsp;<a href=\"https:\/\/ct24.ceskatelevize.cz\/kultura\/2751188-nominace-cen-magnesia-litera-za-rok-2018-veci-kvetiny-zvirata-a-lide\" target=\"_blank\" rel=\"noopener noreferrer\">\u010cesk\u00e1 televize<\/a><\/p>\n<p><\/small><\/p>\n<div class=\"gca-utility clearfix\"><\/div>\n<div class=\"gca-utility vertical-spacer\"><\/div>\n<p><center><span class=\"fullscreen\"><a href=\"\/\/www.martinus.sk\/?z=WLGC7F&#038;utm_source=z%3DWLGC7F&#038;utm_medium=banner1_468x60&#038;utm_campaign=partner\"><img decoding=\"async\" src=\"\/\/www.martinus.sk\/images\/banners\/468x60.jpg\" alt=\"www.martinus.sk\" \/><\/a><\/span><\/center><\/p>\n","protected":false},"excerpt":{"rendered":"<p>Porotcovia \u010deskej Magnesie Litery zverejnili svoje nomin\u00e1cie na&nbsp;ocenenia za&nbsp;najlep\u0161ie kni\u017en\u00e9 po\u010diny uplynul\u00e9ho roka. V&nbsp;r\u00e1mci 18.&nbsp;ro\u010dn\u00edka n\u00e1rodnej liter\u00e1rnej s\u00fa\u0165a\u017ee m\u00f4\u017eu toto prest\u00ed\u017ene ocenenie z\u00edska\u0165 v&nbsp;jednotliv\u00fdch kateg\u00f3riach niektor\u00e9 z&nbsp;27 nominovan\u00fdch kn\u00edh a&nbsp;\u0161iestich blogov.<br \/>\n <a href=\"https:\/\/literarnenoviny.sk\/servis\/porota-ceskej-ceny-magnesia-litera-zverejnila-nominacie-na-knihy-roka-2018\/\" class=\"more-link\">Cel\u00e1 spr\u00e1va <span class=\"meta-nav\">&rarr;<\/span><\/a><\/p>\n","protected":false},"author":2,"featured_media":0,"comment_status":"closed","ping_status":"closed","sticky":false,"template":"","format":"standard","meta":{"_links_to":"","_links_to_target":""},"categories":[1],"tags":[14,21,35],"_links":{"self":[{"href":"https:\/\/literarnenoviny.sk\/servis\/wp-json\/wp\/v2\/posts\/5640"}],"collection":[{"href":"https:\/\/literarnenoviny.sk\/servis\/wp-json\/wp\/v2\/posts"}],"about":[{"href":"https:\/\/literarnenoviny.sk\/servis\/wp-json\/wp\/v2\/types\/post"}],"author":[{"embeddable":true,"href":"https:\/\/literarnenoviny.sk\/servis\/wp-json\/wp\/v2\/users\/2"}],"replies":[{"embeddable":true,"href":"https:\/\/literarnenoviny.sk\/servis\/wp-json\/wp\/v2\/comments?post=5640"}],"version-history":[{"count":0,"href":"https:\/\/literarnenoviny.sk\/servis\/wp-json\/wp\/v2\/posts\/5640\/revisions"}],"wp:attachment":[{"href":"https:\/\/literarnenoviny.sk\/servis\/wp-json\/wp\/v2\/media?parent=5640"}],"wp:term":[{"taxonomy":"category","embeddable":true,"href":"https:\/\/literarnenoviny.sk\/servis\/wp-json\/wp\/v2\/categories?post=5640"},{"taxonomy":"post_tag","embeddable":true,"href":"https:\/\/literarnenoviny.sk\/servis\/wp-json\/wp\/v2\/tags?post=5640"}],"curies":[{"name":"wp","href":"https:\/\/api.w.org\/{rel}","templated":true}]}}