{"id":5621,"date":"2019-03-05T16:35:29","date_gmt":"2019-03-05T15:35:29","guid":{"rendered":"https:\/\/literarnenoviny.sk\/servis\/?p=5621"},"modified":"2019-03-05T22:04:07","modified_gmt":"2019-03-05T21:04:07","slug":"svedska-kralovska-akademia-udeli-tento-rok-az-dve-nobelove-ceny-za-literaturu","status":"publish","type":"post","link":"https:\/\/literarnenoviny.sk\/servis\/svedska-kralovska-akademia-udeli-tento-rok-az-dve-nobelove-ceny-za-literaturu\/","title":{"rendered":"\u0160v\u00e9dska kr\u00e1\u013eovsk\u00e1 akad\u00e9mia udel\u00ed tento rok a\u017e dve Nobelove ceny za&nbsp;literat\u00faru"},"content":{"rendered":"<p><strong>\u0160v\u00e9dska kr\u00e1\u013eovsk\u00e1 akad\u00e9mia udel\u00ed tento rok a\u017e dve Nobelove ceny za&nbsp;literat\u00faru<\/strong>. Pod\u013ea \u0161v\u00e9dskeho denn\u00edka <em><a href=\"https:\/\/www.dn.se\/kultur-noje\/svenska-akademien-tva-nobelpris-i-litteratur-delas-ut-i-ar\/\" rel=\"noopener noreferrer\" target=\"_blank\">Dagens Nyheter<\/a><\/em> o&nbsp;tom rozhodla Nobelova nad\u00e1cia. Jedna cena bude za&nbsp;za&nbsp;rok 2018 a&nbsp;\u010fal\u0161ia za&nbsp;rok 2019.<\/p>\n<p><em>\u201eAko sme d\u00fafali, bud\u00fa udelen\u00e9 dve Nobelove ceny,\u201c<\/em> povedal denn\u00edku do\u010dasn\u00fd \u0161\u00e9f \u0160v\u00e9dskej akad\u00e9mie Anders Olsson.<\/p>\n<p>Vlani v&nbsp;m\u00e1ji \u0160v\u00e9dska akad\u00e9mia <a href=\"https:\/\/literarnenoviny.sk\/servis\/svedska-akademia-prvykrat-od-roku-1943-neudeli-nobelovu-cenu-za-literaturu\/\" rel=\"noopener noreferrer\" target=\"_blank\">ozn\u00e1mila, \u017ee&nbsp;neudel\u00ed<\/a> Nobelovu cenu za&nbsp;literat\u00faru za&nbsp;rok 2018.&nbsp;\u0160\u00e9f Nobelovej nad\u00e1cie opakovane vyhl\u00e1sil, \u017ee&nbsp;akad\u00e9mia mus\u00ed najprv vyrie\u0161i\u0165 svoje probl\u00e9my, aby z\u00edskala sp\u00e4\u0165 d\u00f4veru verejnosti ako in\u0161tit\u00facia.<\/p>\n<p><center><div class=\"gca-utility vertical-spacer\"><\/div>\n<blockquote class=\"twitter-tweet\" data-lang=\"sk\">\n<p lang=\"sv\" dir=\"ltr\">Svenska Akademien: Tv\u00e5 Nobelpris i&nbsp;litteratur delas ut i&nbsp;\u00e5r.<a href=\"https:\/\/t.co\/prLeCwJxs9\">https:\/\/t.co\/prLeCwJxs9<\/a> <a href=\"https:\/\/t.co\/EZ9XaG0USk\">pic.twitter.com\/EZ9XaG0USk<\/a><\/p>\n<p>&mdash; Dagens Nyheter (@dagensnyheter) <a href=\"https:\/\/twitter.com\/dagensnyheter\/status\/1102878780987793408?ref_src=twsrc%5Etfw\">5.&nbsp;marca 2019<\/a><\/p><\/blockquote>\n<p><script async src=\"https:\/\/platform.twitter.com\/widgets.js\" charset=\"utf-8\"><\/script><div class=\"gca-utility vertical-spacer\"><\/div><\/center><\/p>\n<p>Jej poves\u0165 utrpela v&nbsp;s\u00favislosti s&nbsp;kauzou franc\u00fazskeho re\u017eis\u00e9ra Jeana-Claudea Arnaulta, ktor\u00fd je&nbsp;vo&nbsp;\u0160v\u00e9dsku, ako man\u017eel b\u00fdvalej \u010dlenky akad\u00e9mie Katariny Frostensonovej, zn\u00e1mou osobnos\u0165ou. Vlani bol Arnault uznan\u00fd za&nbsp;vinn\u00e9ho zo&nbsp;zn\u00e1silnenia a&nbsp;s\u00fad ho za&nbsp;to poslal na&nbsp;dva a&nbsp;pol roka do&nbsp;v\u00e4zenia.<\/p>\n<p>Arnault pod\u013ea denn\u00edka <em>Dagens Nyheter<\/em> tie\u017e opakovane vopred vyzradil meno laure\u00e1ta Nobelovej ceny za&nbsp;literat\u00faru.<\/p>\n<p>V s\u00favislosti s&nbsp;af\u00e9rou sa&nbsp;navy\u0161e objavili obvinenia z&nbsp;konfliktu z\u00e1ujmov. \u0160v\u00e9dska akad\u00e9mia, ktor\u00e1 tie\u017e ka\u017edoro\u010dne rozde\u013euje asi tri mili\u00f3ny dol\u00e1rov v&nbsp;podobe \u0161tipendi\u00ed, toti\u017e v&nbsp;minulosti finan\u010dne podporovala aj \u0161tokholmsk\u00e9 s\u00fakromn\u00e9 \u200b\u200bkult\u00farne centrum Forum, ktor\u00e9 Arnault s&nbsp;Frostensonovou viedli.<\/p>\n<p>Pre tieto af\u00e9ry akad\u00e9miu po\u010das posledn\u00e9ho roka <a href=\"https:\/\/literarnenoviny.sk\/servis\/svedsku-akademiu-udelujucu-nobelovu-cenu-za-literaturu-opustila-dalsia-clenka\/\">opustili mnoh\u00ed jej \u010dlenovia<\/a>, vr\u00e1tane Frostensonovej.<\/p>\n<p style=\"text-align: right;\"><small>&mdash;&nbsp;<a href=\"https:\/\/www.dn.se\/kultur-noje\/svenska-akademien-tva-nobelpris-i-litteratur-delas-ut-i-ar\/\" target=\"_blank\" rel=\"noopener noreferrer\">Dagens Nyheter<\/a><\/small><\/p>\n<div class=\"gca-utility clearfix\"><\/div>\n<div class=\"gca-utility vertical-spacer\"><\/div>\n<p><center><span class=\"fullscreen\"><a href=\"\/\/www.martinus.sk\/?z=WLGC7F&#038;utm_source=z%3DWLGC7F&#038;utm_medium=banner1_468x60&#038;utm_campaign=partner\"><img decoding=\"async\" src=\"\/\/www.martinus.sk\/images\/banners\/468x60.jpg\" alt=\"www.martinus.sk\" \/><\/a><\/span><\/center><\/p>\n","protected":false},"excerpt":{"rendered":"<p>\u0160v\u00e9dska kr\u00e1\u013eovsk\u00e1 akad\u00e9mia udel\u00ed tento rok a\u017e dve Nobelove ceny za&nbsp;literat\u00faru. Pod\u013ea \u0161v\u00e9dskeho denn\u00edka Dagens Nyheter o&nbsp;tom rozhodla Nobelova nad\u00e1cia. Jedna cena bude za&nbsp;za&nbsp;rok 2018 a&nbsp;\u010fal\u0161ia za&nbsp;rok 2019. <a href=\"https:\/\/literarnenoviny.sk\/servis\/svedska-kralovska-akademia-udeli-tento-rok-az-dve-nobelove-ceny-za-literaturu\/\" class=\"more-link\">Cel\u00e1 spr\u00e1va <span class=\"meta-nav\">&rarr;<\/span><\/a><\/p>\n","protected":false},"author":2,"featured_media":0,"comment_status":"closed","ping_status":"closed","sticky":false,"template":"","format":"standard","meta":{"_links_to":"","_links_to_target":""},"categories":[1],"tags":[21],"_links":{"self":[{"href":"https:\/\/literarnenoviny.sk\/servis\/wp-json\/wp\/v2\/posts\/5621"}],"collection":[{"href":"https:\/\/literarnenoviny.sk\/servis\/wp-json\/wp\/v2\/posts"}],"about":[{"href":"https:\/\/literarnenoviny.sk\/servis\/wp-json\/wp\/v2\/types\/post"}],"author":[{"embeddable":true,"href":"https:\/\/literarnenoviny.sk\/servis\/wp-json\/wp\/v2\/users\/2"}],"replies":[{"embeddable":true,"href":"https:\/\/literarnenoviny.sk\/servis\/wp-json\/wp\/v2\/comments?post=5621"}],"version-history":[{"count":0,"href":"https:\/\/literarnenoviny.sk\/servis\/wp-json\/wp\/v2\/posts\/5621\/revisions"}],"wp:attachment":[{"href":"https:\/\/literarnenoviny.sk\/servis\/wp-json\/wp\/v2\/media?parent=5621"}],"wp:term":[{"taxonomy":"category","embeddable":true,"href":"https:\/\/literarnenoviny.sk\/servis\/wp-json\/wp\/v2\/categories?post=5621"},{"taxonomy":"post_tag","embeddable":true,"href":"https:\/\/literarnenoviny.sk\/servis\/wp-json\/wp\/v2\/tags?post=5621"}],"curies":[{"name":"wp","href":"https:\/\/api.w.org\/{rel}","templated":true}]}}