{"id":5577,"date":"2019-03-04T08:45:52","date_gmt":"2019-03-04T07:45:52","guid":{"rendered":"https:\/\/literarnenoviny.sk\/servis\/?p=5577"},"modified":"2019-04-21T16:19:31","modified_gmt":"2019-04-21T14:19:31","slug":"vo-vybranych-slovenskych-rychlikoch-si-tento-tyzden-mozete-pozicat-knihu","status":"publish","type":"post","link":"https:\/\/literarnenoviny.sk\/servis\/vo-vybranych-slovenskych-rychlikoch-si-tento-tyzden-mozete-pozicat-knihu\/","title":{"rendered":"Vo vybran\u00fdch slovensk\u00fdch r\u00fdchlikoch si tento t\u00fd\u017ede\u0148 m\u00f4\u017eete po\u017ei\u010da\u0165 knihu"},"content":{"rendered":"<p>Po\u010das T\u00fd\u017ed\u0148a slovensk\u00fdch kni\u017en\u00edc si m\u00f4\u017eu cestuj\u00faci v&nbsp;niektor\u00fdch vlakoch slovensk\u00fdch \u017eelezn\u00edc bezplatne po\u017ei\u010da\u0165 knihy. Bud\u00fa umiestnen\u00e9 v&nbsp;\u0161peci\u00e1lnych stojanoch v&nbsp;re\u0161taura\u010dn\u00fdch voz\u0148och v&nbsp;\u00f4smich <em>\u201e\u0161es\u0165stovkov\u00fdch\u201c<\/em> r\u00fdchlikoch, ktor\u00e9 prem\u00e1vaj\u00fa medzi Bratislavou a&nbsp;Ko\u0161icami<!-- , a o prebiehaj\u00facej akcii sa dozvedia z informa\u010dn\u00fdch hl\u00e1sen\u00ed \u010di od vlakov\u00e9ho person\u00e1lu -->.<\/p>\n<div class=\"gca-utility vertical-spacer\"><\/div>\n<center><\/p>\n<div style=\"width:580px; max-width:100%; text-align:left;\"><em>Vlakov\u00fa kni\u017enicu n\u00e1jdete v&nbsp;r\u00fdchlikoch:<\/em><\/p>\n<p><small><em><strong>R 600 Mila Sedita<\/strong> (Ko\u0161ice 04:07 \u2013 Bratislava hl. st. 09:47)<br \/>\n<strong>R 602 \u010cingov<\/strong> (Ko\u0161ice 06:07 \u2013 Bratislava hl. st. 11:47)<br \/>\n<strong>R 604 Dargov<\/strong> (Ko\u0161ice 08:07 \u2013 Bratislava hl. st. 13:47)<br \/>\n<strong>R 606 Liptov<\/strong> (Ko\u0161ice 10:07 \u2013 Bratislava hl. st. 15:47)<br \/>\n<strong>R 607 Andrea Shop<\/strong> (Bratislava hl. st. 12:13 \u2013 Ko\u0161ice 17:53)<br \/>\n<strong>R 609 Spi\u0161an<\/strong> (Bratislava hl. st. 14:13 \u2013 Ko\u0161ice 19:53)<br \/>\n<strong>R 611 Fixinela<\/strong> (Bratislava hl. st. 16:13 \u2013 Ko\u0161ice 21:53)<br \/>\n<strong>R 613 Termix Nika<\/strong> (Bratislava hl. st. 18:13 \u2013 Ko\u0161ice 23:53)<\/em><\/small><\/div>\n<p><\/center><\/p>\n<div class=\"gca-utility vertical-spacer\"><\/div>\n<p>Po\u017ei\u010dan\u00fa knihu potom cestuj\u00faci vr\u00e1ti, aby bola k&nbsp;dispoz\u00edcii aj pre&nbsp;\u010fal\u0161\u00edch z\u00e1ujemcov. Vo&nbsp;vlakoch bud\u00fa aj kni\u017en\u00e9 hliadky \u2013 dobrovo\u013en\u00edci, ktor\u00ed \u010d\u00edtaj\u00facich pasa\u017eierov odmenia z\u00e1lo\u017ekou <em>Kni\u017en\u00e1 hliadka<\/em>. V\u010faka nej z\u00edskaj\u00fa <em>\u201eknihomoli\u201c<\/em> z\u013eavu <a href=\"https:\/\/www.martinus.sk\/?z=WLGC7F&#038;utm_source=z%3DWLGC7F&#038;utm_medium=url&#038;utm_campaign=partner\" rel=\"noopener noreferrer\" target=\"_blank\">na n\u00e1kup kn\u00edh<\/a>.<\/p>\n<p>T\u00fato zauj\u00edmav\u00fa, \u017eia\u013e len kr\u00e1tkodob\u00fa <em>(potrv\u00e1 len 10.&nbsp;marca 2019)<\/em> slu\u017ebu pripravila <a href=\"https:\/\/www.slovakrail.sk\" rel=\"noopener noreferrer\" target=\"_blank\">\u017delezni\u010dn\u00e1 spolo\u010dnos\u0165<\/a> v&nbsp;spolupr\u00e1ci so&nbsp;<a href=\"http:\/\/www.sakba.sk\" rel=\"noopener noreferrer\" target=\"_blank\">Slovenskou asoci\u00e1ciou kni\u017en\u00edc<\/a>. Partnerom projektu je&nbsp;kn\u00edhkupeck\u00e1 sie\u0165 <a href=\"https:\/\/www.martinus.sk\/?z=WLGC7F&#038;utm_source=z%3DWLGC7F&#038;utm_medium=url&#038;utm_campaign=partner\" rel=\"noopener noreferrer\" target=\"_blank\">Martinus<\/a>.<\/p>\n<p><em>\u201eKnihy sa&nbsp;vybrali tak, aby \u017e\u00e1nrom i&nbsp;rozmerom zodpovedali \u00fa\u010delu. Ide predov\u0161etk\u00fdm o&nbsp;men\u0161ie knihy a&nbsp;krat\u0161ie liter\u00e1rne \u00fatvary \u2013 poviedky, novely, literat\u00fara faktu, ale n\u00e1jde sa&nbsp;tam aj detsk\u00e1 literat\u00fara. <\/p>\n<p>Pripraven\u00e9 bud\u00fa knihy od&nbsp;s\u00fa\u010dasn\u00fdch slovensk\u00fdch i&nbsp;popul\u00e1rnych svetov\u00fdch autorov, knihy o&nbsp;cestovan\u00ed i&nbsp;tituly so&nbsp;\u0161portovou tematikou,\u201c<\/em> upresnila Daniela T\u00f3thov\u00e1 zo&nbsp;Slovenskej asoci\u00e1cie kni\u017en\u00edc.<\/p>\n<p style=\"text-align: right;\"><small>&mdash;&nbsp;<a href=\"https:\/\/www.slovakrail.sk\/sk\/aktuality\/vo-vlakoch-zssk-si-v-marci-mozete-pozicat-knihu.html\" target=\"_blank\" rel=\"noopener noreferrer\">ZSSR<\/a><\/small><\/p>\n<div class=\"gca-utility clearfix\"><\/div>\n<div class=\"gca-utility vertical-spacer\"><\/div>\n<p><center><span class=\"fullscreen\"><a href=\"\/\/www.martinus.sk\/?z=WLGC7F&#038;utm_source=z%3DWLGC7F&#038;utm_medium=banner1_468x60&#038;utm_campaign=partner\"><img decoding=\"async\" src=\"\/\/www.martinus.sk\/images\/banners\/468x60.jpg\" alt=\"www.martinus.sk\" \/><\/a><\/span><\/center><\/p>\n","protected":false},"excerpt":{"rendered":"<p>Po\u010das T\u00fd\u017ed\u0148a slovensk\u00fdch kni\u017en\u00edc si m\u00f4\u017eu cestuj\u00faci v&nbsp;niektor\u00fdch vlakoch po\u017ei\u010da\u0165 knihu. Bud\u00fa umiestnen\u00e9 v&nbsp;\u0161peci\u00e1lnych stojanoch v&nbsp;re\u0161taura\u010dn\u00fdch voz\u0148och v&nbsp;\u00f4smich r\u00fdchlikoch, ktor\u00e9 prem\u00e1vaj\u00fa medzi Bratislavou a&nbsp;Ko\u0161icami, a&nbsp;o&nbsp;prebiehaj\u00facej akcii sa&nbsp;dozvedia z&nbsp;informa\u010dn\u00fdch hl\u00e1sen\u00ed \u010di&nbsp;od&nbsp;vlakov\u00e9ho person\u00e1lu.  <a href=\"https:\/\/literarnenoviny.sk\/servis\/vo-vybranych-slovenskych-rychlikoch-si-tento-tyzden-mozete-pozicat-knihu\/\" class=\"more-link\">Cel\u00e1 spr\u00e1va <span class=\"meta-nav\">&rarr;<\/span><\/a><\/p>\n","protected":false},"author":2,"featured_media":0,"comment_status":"closed","ping_status":"closed","sticky":false,"template":"","format":"standard","meta":{"_links_to":"","_links_to_target":""},"categories":[1],"tags":[14,49],"_links":{"self":[{"href":"https:\/\/literarnenoviny.sk\/servis\/wp-json\/wp\/v2\/posts\/5577"}],"collection":[{"href":"https:\/\/literarnenoviny.sk\/servis\/wp-json\/wp\/v2\/posts"}],"about":[{"href":"https:\/\/literarnenoviny.sk\/servis\/wp-json\/wp\/v2\/types\/post"}],"author":[{"embeddable":true,"href":"https:\/\/literarnenoviny.sk\/servis\/wp-json\/wp\/v2\/users\/2"}],"replies":[{"embeddable":true,"href":"https:\/\/literarnenoviny.sk\/servis\/wp-json\/wp\/v2\/comments?post=5577"}],"version-history":[{"count":0,"href":"https:\/\/literarnenoviny.sk\/servis\/wp-json\/wp\/v2\/posts\/5577\/revisions"}],"wp:attachment":[{"href":"https:\/\/literarnenoviny.sk\/servis\/wp-json\/wp\/v2\/media?parent=5577"}],"wp:term":[{"taxonomy":"category","embeddable":true,"href":"https:\/\/literarnenoviny.sk\/servis\/wp-json\/wp\/v2\/categories?post=5577"},{"taxonomy":"post_tag","embeddable":true,"href":"https:\/\/literarnenoviny.sk\/servis\/wp-json\/wp\/v2\/tags?post=5577"}],"curies":[{"name":"wp","href":"https:\/\/api.w.org\/{rel}","templated":true}]}}