{"id":555,"date":"2017-06-05T20:25:27","date_gmt":"2017-06-05T18:25:27","guid":{"rendered":"https:\/\/www.literarnenoviny.sk\/servis\/?p=555"},"modified":"2017-06-05T20:25:27","modified_gmt":"2017-06-05T18:25:27","slug":"spevak-bob-dylan-dorucil-svedskej-akademii-audionahravku-svojej-nobelovskej-reci","status":"publish","type":"post","link":"https:\/\/literarnenoviny.sk\/servis\/spevak-bob-dylan-dorucil-svedskej-akademii-audionahravku-svojej-nobelovskej-reci\/","title":{"rendered":"Spev\u00e1k Bob Dylan doru\u010dil \u0160v\u00e9dskej akad\u00e9mii audionahr\u00e1vku svojej nobelovskej re\u010di"},"content":{"rendered":"<p>Americk\u00fd rockov\u00fd spev\u00e1k <strong><a href=\"https:\/\/sk.wikipedia.org\/wiki\/Bob_Dylan\" target=\"_blank\">Bob Dylan<\/a>, ktor\u00e9mu vlani udelili Nobelovu cenu za&nbsp;literat\u00faru, doru\u010dil \u0160v\u00e9dskej akad\u00e9mii vo&nbsp;forme audionahr\u00e1vky svoju nobelovsk\u00fa \u010fakovn\u00fa re\u010d<\/strong>. T\u00e1 je&nbsp;podmienkou pre&nbsp;prevzatie si pe\u0148a\u017enej odmeny vo&nbsp;v\u00fd\u0161ke \u00f4smich mili\u00f3nov \u0161v\u00e9dskych kor\u00fan.<br \/>\n&nbsp;<br \/>\nAkad\u00e9mia ocenila 75-ro\u010dn\u00e9ho Boba Dylana za&nbsp;vytvorenie nov\u00fdch b\u00e1snick\u00fdch v\u00fdrazov. Spev\u00e1k, ktor\u00fd je&nbsp;zn\u00e1my svojou plachos\u0165ou, ocenenie a&nbsp;diplom prijal a\u017e v&nbsp;apr\u00edli po\u010das s\u00fakromnej sl\u00e1vnosti pri pr\u00edle\u017eitosti n\u00e1v\u0161tevy \u0160tokholmu, kde odohral dva vypredan\u00e9 koncerty.<\/p>\n","protected":false},"excerpt":{"rendered":"<p>Americk\u00fd rockov\u00fd spev\u00e1k Bob Dylan, ktor\u00e9mu vlani udelili Nobelovu cenu za&nbsp;literat\u00faru, doru\u010dil \u0160v\u00e9dskej akad\u00e9mii vo&nbsp;forme audionahr\u00e1vky svoju nobelovsk\u00fa \u010fakovn\u00fa re\u010d. T\u00e1 je&nbsp;podmienkou pre&nbsp;prevzatie si pe\u0148a\u017enej odmeny. <a href=\"https:\/\/literarnenoviny.sk\/servis\/spevak-bob-dylan-dorucil-svedskej-akademii-audionahravku-svojej-nobelovskej-reci\/\" class=\"more-link\">Cel\u00e1 spr\u00e1va <span class=\"meta-nav\">&rarr;<\/span><\/a><\/p>\n","protected":false},"author":2,"featured_media":0,"comment_status":"closed","ping_status":"open","sticky":false,"template":"","format":"standard","meta":{"_links_to":"","_links_to_target":""},"categories":[1],"tags":[3,21],"_links":{"self":[{"href":"https:\/\/literarnenoviny.sk\/servis\/wp-json\/wp\/v2\/posts\/555"}],"collection":[{"href":"https:\/\/literarnenoviny.sk\/servis\/wp-json\/wp\/v2\/posts"}],"about":[{"href":"https:\/\/literarnenoviny.sk\/servis\/wp-json\/wp\/v2\/types\/post"}],"author":[{"embeddable":true,"href":"https:\/\/literarnenoviny.sk\/servis\/wp-json\/wp\/v2\/users\/2"}],"replies":[{"embeddable":true,"href":"https:\/\/literarnenoviny.sk\/servis\/wp-json\/wp\/v2\/comments?post=555"}],"version-history":[{"count":0,"href":"https:\/\/literarnenoviny.sk\/servis\/wp-json\/wp\/v2\/posts\/555\/revisions"}],"wp:attachment":[{"href":"https:\/\/literarnenoviny.sk\/servis\/wp-json\/wp\/v2\/media?parent=555"}],"wp:term":[{"taxonomy":"category","embeddable":true,"href":"https:\/\/literarnenoviny.sk\/servis\/wp-json\/wp\/v2\/categories?post=555"},{"taxonomy":"post_tag","embeddable":true,"href":"https:\/\/literarnenoviny.sk\/servis\/wp-json\/wp\/v2\/tags?post=555"}],"curies":[{"name":"wp","href":"https:\/\/api.w.org\/{rel}","templated":true}]}}