{"id":5472,"date":"2019-02-25T15:30:19","date_gmt":"2019-02-25T14:30:19","guid":{"rendered":"https:\/\/literarnenoviny.sk\/servis\/?p=5472"},"modified":"2019-09-29T23:25:45","modified_gmt":"2019-09-29T21:25:45","slug":"na-slovensky-medialny-trh-prichadza-dalsi-tlaceny-literarny-casopis-rozum","status":"publish","type":"post","link":"https:\/\/literarnenoviny.sk\/servis\/na-slovensky-medialny-trh-prichadza-dalsi-tlaceny-literarny-casopis-rozum\/","title":{"rendered":"Na slovensk\u00fd medi\u00e1lny trh prich\u00e1dza \u010fal\u0161\u00ed tla\u010den\u00fd liter\u00e1rny \u010dasopis Rozum"},"content":{"rendered":"<p><strong>Na slovensk\u00fd medi\u00e1lny trh prich\u00e1dza \u010fal\u0161\u00ed tla\u010den\u00fd liter\u00e1rny \u010dasopis <em><a href=\"https:\/\/literarnenoviny.sk\/servis\/uzitocne-strany\/literarne-casopisy\/rozum\/\" rel=\"noopener noreferrer\" target=\"_blank\">Rozum<\/a><\/em><\/strong>. Mesa\u010dn\u00edk s&nbsp;podtitulom <em>Rozhovory a&nbsp;rozm\u00fd\u0161\u013eanie o&nbsp;literat\u00fare<\/em> by mal by\u0165 od&nbsp;za\u010diatku t\u00fd\u017ed\u0148a dostupn\u00fd vo&nbsp;vybran\u00fdch kn\u00edhkupectv\u00e1ch a&nbsp;v&nbsp;novinov\u00fdch st\u00e1nkoch.<\/p>\n<p>Vydavate\u013ekou a&nbsp;z\u00e1rove\u0148 \u0161\u00e9fredaktorkou \u010dasopisu <em><strong>Rozum<\/strong><\/em> je&nbsp;slovensk\u00e1 autorka Iris Kopcsayov\u00e1, ktor\u00e1 je&nbsp;zn\u00e1ma aj ako kult\u00farna redaktorka z&nbsp;printov\u00fdch m\u00e9di\u00ed. <\/p>\n<div id=\"fb-root\"> <\/div>\n<p><script async=\"1\" defer=\"1\" src=\"https:\/\/connect.facebook.net\/sk_SK\/sdk.js#xfbml=1&amp;version=v3.2\"><\/script><br \/>\n<center><\/p>\n<div style=\"width:100%; max-width:500px;\">\n<div class=\"fb-post\" data-href=\"https:\/\/www.facebook.com\/iris.kopcsayova\/posts\/10217738692716554\" data-width=\"auto\">\n<blockquote cite=\"https:\/\/www.facebook.com\/iris.kopcsayova\/posts\/10217738692716554\" class=\"fb-xfbml-parse-ignore\">\n<p>V tomto veku je&nbsp;najvy\u0161\u0161\u00ed \u010das za\u010da\u0165 robi\u0165 nie\u010do nerozumn\u00e9, tak pre\u010do neza\u010da\u0165 na&nbsp;Slovensku vyd\u00e1va\u0165 \u010fal\u0161\u00ed liter\u00e1rny&#8230;<\/p>\n<p>Posted by <a href=\"#\" role=\"button\">Iris Kopcsayov\u00e1<\/a> on&nbsp;<a href=\"https:\/\/www.facebook.com\/iris.kopcsayova\/posts\/10217738692716554\">Nede\u013ea, 24.&nbsp;februara 2019, 11:19<\/a><\/p><\/blockquote>\n<\/div>\n<\/div>\n<div class=\"gca-utility vertical-spacer\"><\/div><\/center><\/p>\n<p>V editori\u00e1li prv\u00e9ho \u010d\u00edsla Iris Kopcsayov\u00e1 p\u00ed\u0161e, \u017ee&nbsp;je&nbsp;ur\u010den\u00fd <em>\u201ePre ka\u017ed\u00e9ho, koho aspo\u0148 trochu zauj\u00edma literat\u00fara alebo sk\u00f4r &#8211; koho literat\u00fara nezauj\u00edma iba trochu. M\u00f4\u017eete sa&nbsp;spolu s&nbsp;nami zam\u00fd\u0161\u013ea\u0165 nad nap\u00edsan\u00fdm a&nbsp;pre\u010d\u00edtan\u00fdm. \u010ci u\u017e&nbsp;s&nbsp;rozumom, alebo aj so&nbsp;srdcom.\u201c<\/em><\/p>\n<p>Ob\u00e1lka a&nbsp;\u00favodn\u00fd materi\u00e1l s&nbsp;n\u00e1zvom <em>Sloboda rozumu<\/em> je&nbsp;venovan\u00fd slovensk\u00e9mu spisovate\u013eovi <a href=\"https:\/\/sk.wikipedia.org\/wiki\/Rudolf_Sloboda\" rel=\"noopener noreferrer\" target=\"_blank\">Rudovi Slobodovi<\/a>, ktor\u00fd je&nbsp;aj autorom <em>\u201erovnomenn\u00e9ho\u201c<\/em> kultov\u00e9ho rom\u00e1nu <em><strong><a href=\"https:\/\/biblioteka.literarnenoviny.sk\/rudolf-sloboda\/rozum\/\" rel=\"noopener noreferrer\" target=\"_blank\">Rozum<\/a><\/strong> (1982)<\/em>. \u010citate\u013e tu n\u00e1jde aj rozhovor s&nbsp;autorkou a&nbsp;prekladate\u013ekou Ivanou Dobrakovovou \u010di&nbsp;recenziu na&nbsp;Karikovu <em><strong><a href=\"https:\/\/www.martinus.sk\/?uItem=299906&#038;z=WLGC7F&#038;utm_source=z%3DWLGC7F&#038;utm_medium=url&#038;utm_campaign=partner\" rel=\"noopener noreferrer\" target=\"_blank\">Priepas\u0165<\/a><\/strong> (2018)<\/em>. \u010eal\u0161ie strany patria okrem in\u00e9ho aj liter\u00e1rnej kritike a&nbsp;\u00faryvkom z&nbsp;tvorby.<\/p>\n<p>Prv\u00e9 \u010d\u00edslo nov\u00e9ho liter\u00e1rneho \u010dasopisu vy\u0161lo na&nbsp;48.&nbsp;farebn\u00fdch stran\u00e1ch a&nbsp;distribuuje ho spolo\u010dnos\u0165 <em>Mediaprint Kapa Pressegrosso<\/em>.<\/p>\n<p style=\"text-align: right;\"><small>&mdash;&nbsp;<!a href=\"---\" target=\"_blank\">Liter\u00e1rne noviny<\/a><\/small><\/p>\n<div class=\"gca-utility clearfix\"><\/div>\n<div class=\"gca-utility vertical-spacer\"><\/div>\n<p><center><span class=\"fullscreen\"><script type=\"text\/javascript\" src=\"\/\/partner.mrtns.eu\/banners\/banner.js?type=banner&#038;brand_id=1&#038;uItem=217092&#038;size=full&#038;show_price=0&#038;color=green&#038;z=WLGC7F\"><\/script><\/span><\/center><\/p>\n","protected":false},"excerpt":{"rendered":"<p>Na slovensk\u00fd medi\u00e1lny trh prich\u00e1dza \u010fal\u0161\u00ed tla\u010den\u00fd liter\u00e1rny \u010dasopis Rozum. Mesa\u010dn\u00edk s&nbsp;podtitulom Rozhovory a&nbsp;rozm\u00fd\u0161\u013eanie o&nbsp;literat\u00fare by mal by\u0165 od&nbsp;za\u010diatku t\u00fd\u017ed\u0148a dostupn\u00fd vo&nbsp;vybran\u00fdch kn\u00edhkupectv\u00e1ch a&nbsp;v&nbsp;novinov\u00fdch st\u00e1nkoch. Vydavate\u013ekou a&nbsp;z\u00e1rove\u0148 \u0161\u00e9fredaktorkou \u010dasopisu je&nbsp;Iris Kopcsayov\u00e1, ktor\u00e1 je&nbsp;zn\u00e1ma ako kult\u00farna redaktorka z&nbsp;in\u00fdch m\u00e9di\u00ed. <a href=\"https:\/\/literarnenoviny.sk\/servis\/na-slovensky-medialny-trh-prichadza-dalsi-tlaceny-literarny-casopis-rozum\/\" class=\"more-link\">Cel\u00e1 spr\u00e1va <span class=\"meta-nav\">&rarr;<\/span><\/a><\/p>\n","protected":false},"author":2,"featured_media":0,"comment_status":"closed","ping_status":"closed","sticky":false,"template":"","format":"standard","meta":{"_links_to":"","_links_to_target":""},"categories":[1],"tags":[4,33,27],"_links":{"self":[{"href":"https:\/\/literarnenoviny.sk\/servis\/wp-json\/wp\/v2\/posts\/5472"}],"collection":[{"href":"https:\/\/literarnenoviny.sk\/servis\/wp-json\/wp\/v2\/posts"}],"about":[{"href":"https:\/\/literarnenoviny.sk\/servis\/wp-json\/wp\/v2\/types\/post"}],"author":[{"embeddable":true,"href":"https:\/\/literarnenoviny.sk\/servis\/wp-json\/wp\/v2\/users\/2"}],"replies":[{"embeddable":true,"href":"https:\/\/literarnenoviny.sk\/servis\/wp-json\/wp\/v2\/comments?post=5472"}],"version-history":[{"count":0,"href":"https:\/\/literarnenoviny.sk\/servis\/wp-json\/wp\/v2\/posts\/5472\/revisions"}],"wp:attachment":[{"href":"https:\/\/literarnenoviny.sk\/servis\/wp-json\/wp\/v2\/media?parent=5472"}],"wp:term":[{"taxonomy":"category","embeddable":true,"href":"https:\/\/literarnenoviny.sk\/servis\/wp-json\/wp\/v2\/categories?post=5472"},{"taxonomy":"post_tag","embeddable":true,"href":"https:\/\/literarnenoviny.sk\/servis\/wp-json\/wp\/v2\/tags?post=5472"}],"curies":[{"name":"wp","href":"https:\/\/api.w.org\/{rel}","templated":true}]}}