{"id":5247,"date":"2019-02-09T12:45:02","date_gmt":"2019-02-09T11:45:02","guid":{"rendered":"https:\/\/literarnenoviny.sk\/servis\/?p=5247"},"modified":"2020-10-15T22:06:38","modified_gmt":"2020-10-15T20:06:38","slug":"vo-veku-87-rokov-zomrel-francuzsky-ilustrator-a-karikaturista-tomi-ungerer","status":"publish","type":"post","link":"https:\/\/literarnenoviny.sk\/servis\/vo-veku-87-rokov-zomrel-francuzsky-ilustrator-a-karikaturista-tomi-ungerer\/","title":{"rendered":"Vo veku 87 rokov zomrel franc\u00fazsky ilustr\u00e1tor a&nbsp;karikaturista Tomi Ungerer"},"content":{"rendered":"<p><strong>Vo veku 87 rokov zomrel v&nbsp;noci na&nbsp;dnes franc\u00fazsky kresliar, grafik a&nbsp;karikaturista <a href=\"https:\/\/de.wikipedia.org\/wiki\/Tomi_Ungerer\" rel=\"noopener noreferrer\" target=\"_blank\">Tomi Ungerer<\/a><\/strong>, jeden z&nbsp;najv\u00fdraznej\u0161\u00edch autorov a&nbsp;ilustr\u00e1torov nielen detsk\u00fdch kn\u00edh druhej polovice 20.&nbsp;storo\u010dia. O&nbsp;jeho smrti informovala agent\u00fara AFP.<\/p>\n<p>Tomi Ungerer sa&nbsp;narodil a&nbsp;dlh\u00e9 roky tvoril v&nbsp;alsaskom \u0160trasburgu, kde sa&nbsp;nach\u00e1dza aj jeho m\u00fazeum. Zomrel v&nbsp;dome svojej dc\u00e9ry v&nbsp;\u00edrskom Corku. \u00cdrsko sa&nbsp;stalo jeho druh\u00fdm domovom, \u017eil v&nbsp;\u0148om od&nbsp;roku 1976.<\/p>\n<p><center><div class=\"gca-utility vertical-spacer\"><\/div>\n<blockquote class=\"twitter-tweet\" data-lang=\"sk\">\n<p lang=\"de\" dir=\"ltr\">Ber\u00fchmter franz\u00f6sischer Zeichner: Tomi Ungerer ist tot <a href=\"https:\/\/t.co\/7W50g2t9KE\">https:\/\/t.co\/7W50g2t9KE<\/a> <a href=\"https:\/\/t.co\/AHQaSWPTGy\">pic.twitter.com\/AHQaSWPTGy<\/a><\/p>\n<p>&mdash; SPIEGEL ONLINE (@SPIEGELONLINE) <a href=\"https:\/\/twitter.com\/SPIEGELONLINE\/status\/1094201510546657281?ref_src=twsrc%5Etfw\">9.&nbsp;febru\u00e1ra 2019<\/a><\/p><\/blockquote>\n<p><script async src=\"https:\/\/platform.twitter.com\/widgets.js\" charset=\"utf-8\"><\/script><div class=\"gca-utility vertical-spacer\"><\/div><\/center><\/p>\n<p>Je autorom viac ako 140 kn\u00edh a&nbsp;na&nbsp;mnoh\u00fdch \u010fal\u0161\u00edch sa&nbsp;podie\u013eal ako ilustr\u00e1tor. Za&nbsp;tvorbu pre&nbsp;deti z\u00edskal v&nbsp;roku 1998 <em><a href=\"https:\/\/sk.wikipedia.org\/wiki\/Cena_Hansa_Christiana_Andersena\" rel=\"noopener noreferrer\" target=\"_blank\">Cenu Hansa Christiana Andersena<\/a><\/em> za&nbsp;celo\u017eivotn\u00e9 dielo.<\/p>\n<p>K najsl\u00e1vnej\u0161\u00edm patr\u00ed napr\u00edklad <em><strong>Moon Man<\/strong><\/em> z&nbsp;roku 1966, pod\u013ea ktor\u00e9ho v&nbsp;roku 2012 vznikol rovnomenn\u00fd animovan\u00fd film.<\/p>\n<p>Koncom 50.&nbsp;rokov \u017eil Ungerer aj v&nbsp;New Yorku, kde vytvoril mno\u017estvo detsk\u00fdch kn\u00edh pre&nbsp;vydavate\u013estvo Harper.<\/p>\n<p>Pracoval aj ako kresliar a&nbsp;karikaturista pre&nbsp;printov\u00e9 m\u00e9di\u00e1, okrem in\u00e9ho pre&nbsp;denn\u00edk <em>The New York Times<\/em> \u010di&nbsp;\u010dasopisy <em>Esquire<\/em>, <em>Life<\/em> \u010di&nbsp;<em>Harper Bazaar<\/em>. <\/p>\n<p>V 70.&nbsp;rokoch sa&nbsp;za\u010dal venova\u0165 knih\u00e1m pre&nbsp;dospel\u00fdch, v&nbsp;ktor\u00fdch sa&nbsp;zameral aj na&nbsp;kontroverzn\u00e9 erotick\u00e9 t\u00e9my \u010di&nbsp;politick\u00fa satiru.<\/p>\n<p style=\"text-align: right;\"><small>&mdash;&nbsp;<a href=\"http:\/\/www.spiegel.de\/kultur\/gesellschaft\/tomi-ungerer-ist-tot-a-1252469.html\" target=\"_blank\" rel=\"noopener noreferrer\">Der Spiegel<\/a><\/small><\/p>\n<div class=\"gca-utility clearfix\"><\/div>\n<div class=\"gca-utility vertical-spacer\"><\/div>\n<p><center><span class=\"fullscreen\"><a href=\"\/\/www.martinus.sk\/?z=WLGC7F&#038;utm_source=z%3DWLGC7F&#038;utm_medium=banner1_468x60&#038;utm_campaign=partner\"><img decoding=\"async\" src=\"\/\/www.martinus.sk\/images\/banners\/468x60.jpg\" alt=\"www.martinus.sk\" \/><\/a><\/span><\/center><\/p>\n","protected":false},"excerpt":{"rendered":"<p>Vo veku 87 rokov zomrel v&nbsp;noci na&nbsp;dnes franc\u00fazsky kresliar, grafik a&nbsp;karikaturista Tomi Ungerer, jeden z&nbsp;najv\u00fdraznej\u0161\u00edch autorov a&nbsp;ilustr\u00e1torov nielen detsk\u00fdch kn\u00edh druhej polovice 20.&nbsp;storo\u010dia. Za&nbsp;tvorbu pre&nbsp;deti z\u00edskal v&nbsp;roku 1998 Cenu Hansa Christiana Andersena za&nbsp;celo\u017eivotn\u00e9 dielo. <a href=\"https:\/\/literarnenoviny.sk\/servis\/vo-veku-87-rokov-zomrel-francuzsky-ilustrator-a-karikaturista-tomi-ungerer\/\" class=\"more-link\">Cel\u00e1 spr\u00e1va <span class=\"meta-nav\">&rarr;<\/span><\/a><\/p>\n","protected":false},"author":2,"featured_media":0,"comment_status":"closed","ping_status":"closed","sticky":false,"template":"","format":"standard","meta":{"_links_to":"","_links_to_target":""},"categories":[1],"tags":[64,14,3,21,209],"_links":{"self":[{"href":"https:\/\/literarnenoviny.sk\/servis\/wp-json\/wp\/v2\/posts\/5247"}],"collection":[{"href":"https:\/\/literarnenoviny.sk\/servis\/wp-json\/wp\/v2\/posts"}],"about":[{"href":"https:\/\/literarnenoviny.sk\/servis\/wp-json\/wp\/v2\/types\/post"}],"author":[{"embeddable":true,"href":"https:\/\/literarnenoviny.sk\/servis\/wp-json\/wp\/v2\/users\/2"}],"replies":[{"embeddable":true,"href":"https:\/\/literarnenoviny.sk\/servis\/wp-json\/wp\/v2\/comments?post=5247"}],"version-history":[{"count":0,"href":"https:\/\/literarnenoviny.sk\/servis\/wp-json\/wp\/v2\/posts\/5247\/revisions"}],"wp:attachment":[{"href":"https:\/\/literarnenoviny.sk\/servis\/wp-json\/wp\/v2\/media?parent=5247"}],"wp:term":[{"taxonomy":"category","embeddable":true,"href":"https:\/\/literarnenoviny.sk\/servis\/wp-json\/wp\/v2\/categories?post=5247"},{"taxonomy":"post_tag","embeddable":true,"href":"https:\/\/literarnenoviny.sk\/servis\/wp-json\/wp\/v2\/tags?post=5247"}],"curies":[{"name":"wp","href":"https:\/\/api.w.org\/{rel}","templated":true}]}}