{"id":5208,"date":"2019-02-05T22:05:39","date_gmt":"2019-02-05T21:05:39","guid":{"rendered":"https:\/\/literarnenoviny.sk\/servis\/?p=5208"},"modified":"2020-10-15T22:06:38","modified_gmt":"2020-10-15T20:06:38","slug":"vo-veku-88-rokov-zomrel-znamy-cesky-filmovy-reziser-a-scenarista-vaclav-vorlicek","status":"publish","type":"post","link":"https:\/\/literarnenoviny.sk\/servis\/vo-veku-88-rokov-zomrel-znamy-cesky-filmovy-reziser-a-scenarista-vaclav-vorlicek\/","title":{"rendered":"Vo veku 88 rokov zomrel zn\u00e1my \u010desk\u00fd filmov\u00fd re\u017eis\u00e9r a&nbsp;scen\u00e1rista V\u00e1clav Vorl\u00ed\u010dek"},"content":{"rendered":"<p><strong>Vo veku 88 rokov zomrel v&nbsp;Prahe zn\u00e1my \u010desk\u00fd filmov\u00fd re\u017eis\u00e9r a&nbsp;scen\u00e1rista <a href=\"https:\/\/cs.wikipedia.org\/wiki\/V\u00e1clav_Vorl\u00ed\u010dek\" rel=\"noopener noreferrer\" target=\"_blank\">V\u00e1clav Vorl\u00ed\u010dek<\/a><\/strong>, autor viac ako \u0161tyridsiatky celove\u010dern\u00fdch a&nbsp;telev\u00edznych filmov. Jeho diela charakterizoval predov\u0161etk\u00fdm \u0161pecifick\u00fd, \u010dasto \u010dierny humor. <\/p>\n<p>V\u00e1clav Vorl\u00ed\u010dek sa&nbsp;narodil roku 1930. Na&nbsp;pra\u017esk\u00fa FAMU sa&nbsp;dostal a\u017e na&nbsp;druh\u00fd pokus, medzit\u00fdm si na\u0161iel pr\u00e1cu na&nbsp;Barrandove v&nbsp;\u0161t\u00e1be re\u017eis\u00e9ra Martina Fri\u010da<\/p>\n<p>Filmov\u00fa \u0161kolu absolvoval roku 1956. Debutoval hran\u00fdm filmom pre&nbsp;deti <em><strong>Pr\u00edpad Lup\u00ednek<\/strong><\/em>. V&nbsp;roku 1966 zaujal sn\u00edmkou <em><strong>Kdo chce zabi\u0165 Jessy?<\/strong><\/em> V&nbsp;pr\u00edbehu sa&nbsp;podnikavej docentke a&nbsp;jej mu\u017eovi zhmotnia sny. Hrdinovia ich snov vst\u00fapia do&nbsp;skuto\u010dn\u00e9ho sveta a&nbsp;sp\u00f4sobia chaos. <\/p>\n<p><center><div class=\"gca-utility vertical-spacer\"><\/div><iframe loading=\"lazy\" width=\"560\" height=\"315\" src=\"https:\/\/www.youtube.com\/embed\/AHy5saO2Xyo?start=62\" frameborder=\"0\" allow=\"accelerometer; autoplay; encrypted-media; gyroscope; picture-in-picture\" allowfullscreen><\/iframe><div class=\"gca-utility vertical-spacer\"><\/div><\/center><\/p>\n<p>Film kombinovan\u00fd s&nbsp;kresbami <a href=\"https:\/\/literarnenoviny.sk\/clanky\/navrat-strateneho-saudka\/\" rel=\"noopener noreferrer\" target=\"_blank\">K\u00e1ju Saudka<\/a> bol par\u00f3diou na&nbsp;komiksov\u00e9 seri\u00e1ly a&nbsp;od\u0161tartoval Vorl\u00ed\u010dkovu dlhoro\u010dn\u00fa \u00faspe\u0161n\u00fa kari\u00e9ru.<\/p>\n<p>V\u00e1clav Vorl\u00ed\u010dek r\u00e1d pou\u017e\u00edval fantastick\u00e9 prvky, humor crazy kom\u00e9di\u00ed \u010di&nbsp;sci-fi mot\u00edvy.<\/p>\n<p><em>\u201eMn\u011b zachutnalo poslouchat sm\u00edch div\u00e1k\u016f. A&nbsp;\u0159\u00edkal jsem, \u017ee&nbsp;kdy\u017e se \u010dlov\u011bk za&nbsp;ve\u010der dvacetkr\u00e1t zasm\u011bje, tak se n\u00e1m v&nbsp;tom srabu p\u0159ece jen dob\u0159e sp\u00ed,\u201c<\/em> vysvet\u013eoval re\u017eis\u00e9r svoj z\u00e1ujem o&nbsp;komedi\u00e1lne pr\u00edbehy.<\/p>\n<p>K jeho najsl\u00e1vnej\u0161\u00edm filmom patrili, okrem filmu <em><strong>Kdo chce zabi\u0165 Jessy?<\/strong><\/em>, kom\u00e9die <em><strong>Pane, vy jste vdova!<\/strong><\/em>, <em><strong>D\u00edvka na&nbsp;ko\u0161t\u011bti<\/strong><\/em>, <em><strong>Jak utopit Dr. Mr\u00e1\u010dka aneb Konec vodn\u00edk\u016f v&nbsp;\u010cech\u00e1ch<\/strong><\/em>, <em><strong>Co\u017e takhle d\u00e1t si \u0161pen\u00e1t<\/strong><\/em>, zn\u00e1ma rozpr\u00e1vka <em><strong>T\u0159i o\u0159\u00ed\u0161ky pro Popelku<\/strong><\/em> \u010di&nbsp;telev\u00edzny seri\u00e1l <em><strong>Arabela<\/strong><\/em>.<\/p>\n<p>V roku 2017 na&nbsp;filmovom festivale v&nbsp;Karlov\u00fdch Varoch si re\u017eis\u00e9r V\u00e1clav Vorl\u00ed\u010dek prevzal cenu za&nbsp;celo\u017eivotn\u00fd pr\u00ednos \u010deskej kinematografii.<\/p>\n<p style=\"text-align: right;\"><small>&mdash;&nbsp;<a href=\"https:\/\/magazin.aktualne.cz\/kultura\/film\/zemrel-vaclav-vorlicek-reziserovi-tri-orisku-pro-popelku-byl\/r~76537d102a0c11e9aaa70cc47ab5f122\/\" target=\"_blank\" rel=\"noopener noreferrer\">Aktu\u00e1ln\u011b.cz<\/a><\/small><\/p>\n<div class=\"gca-utility clearfix\"><\/div>\n<div class=\"gca-utility vertical-spacer\"><\/div>\n<p><center><span class=\"fullscreen\"><a href=\"\/\/www.martinus.sk\/?z=WLGC7F&#038;utm_source=z%3DWLGC7F&#038;utm_medium=banner1_468x60&#038;utm_campaign=partner\"><img decoding=\"async\" src=\"\/\/www.martinus.sk\/images\/banners\/468x60.jpg\" alt=\"www.martinus.sk\" \/><\/a><\/span><\/center><\/p>\n","protected":false},"excerpt":{"rendered":"<p>Vo veku 88 rokov zomrel v&nbsp;Prahe zn\u00e1my \u010desk\u00fd filmov\u00fd re\u017eis\u00e9r a&nbsp;scen\u00e1rista V\u00e1clav Vorl\u00ed\u010dek, autor viac ako \u0161tyridsiatky celove\u010dern\u00fdch a&nbsp;telev\u00edznych filmov. Jeho diela charakterizoval predov\u0161etk\u00fdm \u0161pecifick\u00fd, \u010dasto \u010dierny humor. O&nbsp;jeho \u00famrt\u00ed informoval re\u017eis\u00e9r Zden\u011bk Zelenka, ktor\u00fd o&nbsp;\u0148om nakr\u00fatil aj dokument\u00e1rny film. <a href=\"https:\/\/literarnenoviny.sk\/servis\/vo-veku-88-rokov-zomrel-znamy-cesky-filmovy-reziser-a-scenarista-vaclav-vorlicek\/\" class=\"more-link\">Cel\u00e1 spr\u00e1va <span class=\"meta-nav\">&rarr;<\/span><\/a><\/p>\n","protected":false},"author":2,"featured_media":0,"comment_status":"closed","ping_status":"closed","sticky":false,"template":"","format":"standard","meta":{"_links_to":"","_links_to_target":""},"categories":[1],"tags":[16,29,3,35,209],"_links":{"self":[{"href":"https:\/\/literarnenoviny.sk\/servis\/wp-json\/wp\/v2\/posts\/5208"}],"collection":[{"href":"https:\/\/literarnenoviny.sk\/servis\/wp-json\/wp\/v2\/posts"}],"about":[{"href":"https:\/\/literarnenoviny.sk\/servis\/wp-json\/wp\/v2\/types\/post"}],"author":[{"embeddable":true,"href":"https:\/\/literarnenoviny.sk\/servis\/wp-json\/wp\/v2\/users\/2"}],"replies":[{"embeddable":true,"href":"https:\/\/literarnenoviny.sk\/servis\/wp-json\/wp\/v2\/comments?post=5208"}],"version-history":[{"count":0,"href":"https:\/\/literarnenoviny.sk\/servis\/wp-json\/wp\/v2\/posts\/5208\/revisions"}],"wp:attachment":[{"href":"https:\/\/literarnenoviny.sk\/servis\/wp-json\/wp\/v2\/media?parent=5208"}],"wp:term":[{"taxonomy":"category","embeddable":true,"href":"https:\/\/literarnenoviny.sk\/servis\/wp-json\/wp\/v2\/categories?post=5208"},{"taxonomy":"post_tag","embeddable":true,"href":"https:\/\/literarnenoviny.sk\/servis\/wp-json\/wp\/v2\/tags?post=5208"}],"curies":[{"name":"wp","href":"https:\/\/api.w.org\/{rel}","templated":true}]}}