{"id":5204,"date":"2019-02-06T11:00:21","date_gmt":"2019-02-06T10:00:21","guid":{"rendered":"https:\/\/literarnenoviny.sk\/servis\/?p=5204"},"modified":"2019-02-06T14:23:10","modified_gmt":"2019-02-06T13:23:10","slug":"medzinarodny-tlacovy-institut-ipi-sa-obava-prava-na-odpoved-pre-politikov","status":"publish","type":"post","link":"https:\/\/literarnenoviny.sk\/servis\/medzinarodny-tlacovy-institut-ipi-sa-obava-prava-na-odpoved-pre-politikov\/","title":{"rendered":"Medzin\u00e1rodn\u00fd tla\u010dov\u00fd in\u0161tit\u00fat IPI sa&nbsp;ob\u00e1va pr\u00e1va na&nbsp;odpove\u010f pre&nbsp;politikov"},"content":{"rendered":"<p><strong><a href=\"https:\/\/ipi.media\/\" rel=\"noopener\" target=\"_blank\">Medzin\u00e1rodn\u00fd tla\u010dov\u00fd in\u0161tit\u00fat IPI<\/a> vyzval poslancov slovensk\u00e9ho parlamentu, aby neschv\u00e1lili pr\u00e1vo na&nbsp;odpove\u010f pre&nbsp;politikov<\/strong>. Pr\u00e1vo na&nbsp;odpove\u010f chc\u00fa politikom vr\u00e1ti\u0165 poslanci Smeru, ktor\u00ed predlo\u017eili novelu tla\u010dov\u00e9ho z\u00e1kona. T\u00e1 bola v&nbsp;parlamente posunut\u00e1 do&nbsp;druh\u00e9ho \u010d\u00edtania.<\/p>\n<p><em>\u201eN\u00e1vrh z\u00e1kona poskytne politikom, ktor\u00ed s\u00fa predmetom kritick\u00fdch spr\u00e1v, vhodn\u00fd n\u00e1stroj na&nbsp;odvetu proti ne\u017eelan\u00fdm inform\u00e1ci\u00e1m,\u201c<\/em> povedal Scott Griffen z&nbsp;IPI.<\/p>\n<p><center><div class=\"gca-utility vertical-spacer\"><\/div>\n<blockquote class=\"twitter-tweet\" data-lang=\"sk\">\n<p lang=\"en\" dir=\"ltr\">300 journalists in <a href=\"https:\/\/twitter.com\/hashtag\/Slovakia?src=hash&amp;ref_src=twsrc%5Etfw\">#Slovakia<\/a> sign petition to stop law giving politicians a&nbsp;&quot;right of reply&quot; to critical content about them.<\/p>\n<p>Independent media are not a&nbsp;PR&nbsp;arm of the&nbsp;government. <a href=\"https:\/\/twitter.com\/denniksme?ref_src=twsrc%5Etfw\">@denniksme<\/a> <a href=\"https:\/\/twitter.com\/dennikN?ref_src=twsrc%5Etfw\">@dennikN<\/a> <a href=\"https:\/\/twitter.com\/Aktualitysk?ref_src=twsrc%5Etfw\">@Aktualitysk<\/a> <a href=\"https:\/\/twitter.com\/tyzdensk?ref_src=twsrc%5Etfw\">@tyzdensk<\/a> <a href=\"https:\/\/twitter.com\/etrend_sk?ref_src=twsrc%5Etfw\">@etrend_sk<\/a> <a href=\"https:\/\/twitter.com\/slovakspectator?ref_src=twsrc%5Etfw\">@slovakspectator<\/a>  <a href=\"https:\/\/t.co\/XSlXaLQ4Hs\">https:\/\/t.co\/XSlXaLQ4Hs<\/a><\/p>\n<p>&mdash; IPI (@globalfreemedia) <a href=\"https:\/\/twitter.com\/globalfreemedia\/status\/1093118980745842689?ref_src=twsrc%5Etfw\">6.&nbsp;febru\u00e1ra 2019<\/a><\/p><\/blockquote>\n<p><script async src=\"https:\/\/platform.twitter.com\/widgets.js\" charset=\"utf-8\"><\/script><div class=\"gca-utility vertical-spacer\"><\/div><\/center><\/p>\n<p>Pr\u00e1vo na&nbsp;odpove\u010f sa&nbsp;via\u017ee len na&nbsp;skutkov\u00e9 tvrdenia, predseda parlamentu a&nbsp;SNS v\u0161ak ned\u00e1vno povedal, \u017ee&nbsp;chce, aby bolo roz\u0161\u00edren\u00e9 aj na&nbsp;koment\u00e1re a&nbsp;glosy.<\/p>\n<p>Vyhl\u00e1senie proti zavedeniu pr\u00e1va na&nbsp;odpove\u010f aj pre&nbsp;politikov u\u017e&nbsp;podp\u00edsalo viac ako 300 slovensk\u00fdch novin\u00e1rov.<\/p>\n<p><em>\u201eV demokracii by politici nemali rozhodova\u0165 o&nbsp;obsahu m\u00e9di\u00ed. Teraz hroz\u00ed, \u017ee&nbsp;politici sa&nbsp;bud\u00fa chcie\u0165 dodato\u010dne vyjadrova\u0165 ku&nbsp;ka\u017ed\u00e9mu \u010dl\u00e1nku, ktor\u00fd o&nbsp;nich nap\u00ed\u0161eme, a&nbsp;to aj vtedy, ak budeme p\u00edsa\u0165 pravdu.\u201c <\/em>uv\u00e1dza sa&nbsp;v&nbsp;ich spolo\u010dnom vyhl\u00e1sen\u00ed.<\/p>\n<p style=\"text-align: right;\"><small>&mdash;&nbsp;<a href=\"https:\/\/ipi.media\/ipi-urges-slovakia-to-reject-right-of-reply-for-politicians\/\" target=\"_blank\">The International Press Institute<\/a><\/small><\/p>\n<div class=\"gca-utility clearfix\"><\/div>\n<div class=\"gca-utility vertical-spacer\"><\/div>\n<p><center><span class=\"fullscreen\"><a href=\"\/\/www.martinus.sk\/?z=WLGC7F&#038;utm_source=z%3DWLGC7F&#038;utm_medium=banner1_468x60&#038;utm_campaign=partner\"><img decoding=\"async\" src=\"\/\/www.martinus.sk\/images\/banners\/468x60.jpg\" alt=\"www.martinus.sk\" \/><\/a><\/span><\/center><\/p>\n","protected":false},"excerpt":{"rendered":"<p>Medzin\u00e1rodn\u00fd tla\u010dov\u00fd in\u0161tit\u00fat IPI vyzval poslancov slovensk\u00e9ho parlamentu, aby neschv\u00e1lili pr\u00e1vo na&nbsp;odpove\u010f pre&nbsp;politikov. Pr\u00e1vo na&nbsp;odpove\u010f chc\u00fa politikom vr\u00e1ti\u0165 poslanci Smeru, ktor\u00ed predlo\u017eili novelu tla\u010dov\u00e9ho z\u00e1kona. T\u00e1 bola v&nbsp;parlamente posunut\u00e1 do&nbsp;druh\u00e9ho \u010d\u00edtania. <a href=\"https:\/\/literarnenoviny.sk\/servis\/medzinarodny-tlacovy-institut-ipi-sa-obava-prava-na-odpoved-pre-politikov\/\" class=\"more-link\">Cel\u00e1 spr\u00e1va <span class=\"meta-nav\">&rarr;<\/span><\/a><\/p>\n","protected":false},"author":2,"featured_media":0,"comment_status":"closed","ping_status":"closed","sticky":false,"template":"","format":"standard","meta":{"_links_to":"","_links_to_target":""},"categories":[1],"tags":[33,76,27],"_links":{"self":[{"href":"https:\/\/literarnenoviny.sk\/servis\/wp-json\/wp\/v2\/posts\/5204"}],"collection":[{"href":"https:\/\/literarnenoviny.sk\/servis\/wp-json\/wp\/v2\/posts"}],"about":[{"href":"https:\/\/literarnenoviny.sk\/servis\/wp-json\/wp\/v2\/types\/post"}],"author":[{"embeddable":true,"href":"https:\/\/literarnenoviny.sk\/servis\/wp-json\/wp\/v2\/users\/2"}],"replies":[{"embeddable":true,"href":"https:\/\/literarnenoviny.sk\/servis\/wp-json\/wp\/v2\/comments?post=5204"}],"version-history":[{"count":0,"href":"https:\/\/literarnenoviny.sk\/servis\/wp-json\/wp\/v2\/posts\/5204\/revisions"}],"wp:attachment":[{"href":"https:\/\/literarnenoviny.sk\/servis\/wp-json\/wp\/v2\/media?parent=5204"}],"wp:term":[{"taxonomy":"category","embeddable":true,"href":"https:\/\/literarnenoviny.sk\/servis\/wp-json\/wp\/v2\/categories?post=5204"},{"taxonomy":"post_tag","embeddable":true,"href":"https:\/\/literarnenoviny.sk\/servis\/wp-json\/wp\/v2\/tags?post=5204"}],"curies":[{"name":"wp","href":"https:\/\/api.w.org\/{rel}","templated":true}]}}