{"id":5136,"date":"2019-02-02T15:12:38","date_gmt":"2019-02-02T14:12:38","guid":{"rendered":"https:\/\/literarnenoviny.sk\/servis\/?p=5136"},"modified":"2020-10-15T22:06:38","modified_gmt":"2020-10-15T20:06:38","slug":"vo-veku-104-rokov-zomrel-basnik-katolickej-moderny-a-publicista-imrich-kruzliak","status":"publish","type":"post","link":"https:\/\/literarnenoviny.sk\/servis\/vo-veku-104-rokov-zomrel-basnik-katolickej-moderny-a-publicista-imrich-kruzliak\/","title":{"rendered":"Vo veku 104 rokov zomrel b\u00e1snik katol\u00edckej moderny a&nbsp;publicista Imrich Kru\u017eliak"},"content":{"rendered":"<p><strong>Po dlhej chorobe vo&nbsp;veku 104 rokov zomrel v&nbsp;bavorskom Unterhachingu b\u00e1snik katol\u00edckej moderny, exilov\u00fd publicista, historik a&nbsp;prekladate\u013e <a href=\"https:\/\/sk.wikipedia.org\/wiki\/Imrich_Kru\u017eliak\" rel=\"noopener noreferrer\" target=\"_blank\">Imrich Kru\u017eliak<\/a><\/strong>. Agent\u00faru SITA o&nbsp;tom informoval predseda Svetov\u00e9ho zdru\u017eenia Slov\u00e1kov v&nbsp;zahrani\u010d\u00ed Vladim\u00edr Skalsk\u00fd.<\/p>\n<p>Imrich Kru\u017eliak po&nbsp;absolvovan\u00ed gymn\u00e1zia v&nbsp;Kl\u00e1\u0161tore pod Znievom vy\u0161tudoval na&nbsp;Filozofickej fakulte Univerzity Komensk\u00e9ho v&nbsp;Bratislave slavistiku, dejiny a&nbsp;sociol\u00f3giu. Bol jedn\u00fdm z&nbsp;katol\u00edckych \u0161tudentsk\u00fdch l\u00eddrov a&nbsp;anga\u017eoval sa&nbsp;v&nbsp;Slovenskej lige. <\/p>\n<p><center><div class=\"gca-utility vertical-spacer\"><\/div><iframe loading=\"lazy\" src=\"https:\/\/www.facebook.com\/plugins\/post.php?href=https%3A%2F%2Fwww.facebook.com%2FSlovacivzahranici%2Fposts%2F1943585099044020&#038;width=500\" width=\"500\" height=\"208\" style=\"border:none;overflow:hidden\" scrolling=\"no\" frameborder=\"0\" allowTransparency=\"true\" allow=\"encrypted-media\"><\/iframe><div class=\"gca-utility vertical-spacer\"><\/div><\/center><\/p>\n<p>Po\u010das Slovensk\u00e9ho \u0161t\u00e1tu kr\u00e1tko viedol tla\u010dov\u00e9 oddelenie na&nbsp;\u00darade propagandy. Po&nbsp;roku v\u0161ak pre&nbsp;rozpory s&nbsp;predsedom vl\u00e1dy <a href=\"https:\/\/sk.wikipedia.org\/wiki\/Vojtech_Tuka\" rel=\"noopener noreferrer\" target=\"_blank\">Vojtechom Tukom<\/a> z&nbsp;funkcie odi\u0161iel a&nbsp;nesk\u00f4r sa&nbsp;ako redaktor zapojil do&nbsp;Slovensk\u00e9ho n\u00e1rodn\u00e9ho povstania.<\/p>\n<p>Pod\u013ea <a href=\"https:\/\/zurnal.pravda.sk\/rozhovory\/clanok\/469704-historik-pavel-pollak-kruzliakovo-storocie-ma-viac-ako-sto-rokov\/\" rel=\"noopener noreferrer\" target=\"_blank\">historika Pavla Poll\u00e1ka<\/a> vtedaj\u0161\u00ed guvern\u00e9r Slovenskej n\u00e1rodnej banky a&nbsp;z\u00e1rove\u0148 hlavn\u00fd financmajster Povstania <a href=\"https:\/\/sk.wikipedia.org\/wiki\/Imrich_Karva\u0161\" rel=\"noopener noreferrer\" target=\"_blank\">Imrich Karva\u0161<\/a> o&nbsp;\u0148om vo&nbsp;svojich pam\u00e4tiach nap\u00edsal: <em>\u201eKru\u017eliakovi som d\u00f4veroval, &#8230;bol protifa\u0161isticky a&nbsp;protinacisticky orientovan\u00fd\u201c<\/em>.<\/p>\n<p>Na jese\u0148 1947 Kru\u017eliaka ako \u010dlena <a href=\"https:\/\/sk.wikipedia.org\/wiki\/Demokratick\u00e1_strana_(1944_\u2013_1948)\" rel=\"noopener noreferrer\" target=\"_blank\">Demokratickej strany<\/a> uv\u00e4znili a&nbsp;obvinili zo&nbsp;<em>\u201esprisahania proti republike\u201c<\/em>. V&nbsp;roku 1949 sa&nbsp;mu podarilo emigrova\u0165. <\/p>\n<p>O dva roky sa&nbsp;stal prv\u00fdm slovensk\u00fdm redaktorom r\u00e1dia <a href=\"https:\/\/cs.wikipedia.org\/wiki\/Svobodn\u00e1_Evropa\" rel=\"noopener noreferrer\" target=\"_blank\">Slobodn\u00e1 Eur\u00f3pa<\/a> a&nbsp;30&nbsp;rokov tam viedol kult\u00farnu redakciu. <\/p>\n<p>Po p\u00e1de komunistick\u00e9ho re\u017eimu bol Imrich Kru\u017eliak medzi prv\u00fdmi exulantami, ktor\u00ed sa&nbsp;vr\u00e1tili na&nbsp;Slovensko. Podporoval vytvorenie nez\u00e1vislej Slovenskej republiky a&nbsp;po&nbsp;jej vzniku sa&nbsp;stal extern\u00fdm poradcom prezidenta Michala Kov\u00e1\u010da.<\/p>\n<p style=\"text-align: right;\"><small>&mdash;&nbsp;<a href=\"https:\/\/www.webnoviny.sk\/vo-veku-104-rokov-zomrel-basnik-katolickej-moderny-a-publicista-imrich-kruzliak\/\" target=\"_blank\" rel=\"noopener noreferrer\">Webnoviny<\/a><\/small><\/p>\n<div class=\"gca-utility clearfix\"><\/div>\n<div class=\"gca-utility vertical-spacer\"><\/div>\n<p><center><span class=\"fullscreen\"><a href=\"\/\/www.martinus.sk\/?z=WLGC7F&#038;utm_source=z%3DWLGC7F&#038;utm_medium=banner1_468x60&#038;utm_campaign=partner\"><img decoding=\"async\" src=\"\/\/www.martinus.sk\/images\/banners\/468x60.jpg\" alt=\"www.martinus.sk\" \/><\/a><\/span><\/center><\/p>\n","protected":false},"excerpt":{"rendered":"<p>Po dlhej chorobe vo&nbsp;veku 104 rokov zomrel v&nbsp;bavorskom Unterhachingu b\u00e1snik katol\u00edckej moderny, exilov\u00fd publicista, historik a&nbsp;prekladate\u013e Imrich Kru\u017eliak. Agent\u00faru SITA o&nbsp;tom informoval predseda Svetov\u00e9ho zdru\u017eenia Slov\u00e1kov v&nbsp;zahrani\u010d\u00ed Vladim\u00edr Skalsk\u00fd. <a href=\"https:\/\/literarnenoviny.sk\/servis\/vo-veku-104-rokov-zomrel-basnik-katolickej-moderny-a-publicista-imrich-kruzliak\/\" class=\"more-link\">Cel\u00e1 spr\u00e1va <span class=\"meta-nav\">&rarr;<\/span><\/a><\/p>\n","protected":false},"author":2,"featured_media":0,"comment_status":"closed","ping_status":"closed","sticky":false,"template":"","format":"standard","meta":{"_links_to":"","_links_to_target":""},"categories":[1],"tags":[5,3,83,209],"_links":{"self":[{"href":"https:\/\/literarnenoviny.sk\/servis\/wp-json\/wp\/v2\/posts\/5136"}],"collection":[{"href":"https:\/\/literarnenoviny.sk\/servis\/wp-json\/wp\/v2\/posts"}],"about":[{"href":"https:\/\/literarnenoviny.sk\/servis\/wp-json\/wp\/v2\/types\/post"}],"author":[{"embeddable":true,"href":"https:\/\/literarnenoviny.sk\/servis\/wp-json\/wp\/v2\/users\/2"}],"replies":[{"embeddable":true,"href":"https:\/\/literarnenoviny.sk\/servis\/wp-json\/wp\/v2\/comments?post=5136"}],"version-history":[{"count":0,"href":"https:\/\/literarnenoviny.sk\/servis\/wp-json\/wp\/v2\/posts\/5136\/revisions"}],"wp:attachment":[{"href":"https:\/\/literarnenoviny.sk\/servis\/wp-json\/wp\/v2\/media?parent=5136"}],"wp:term":[{"taxonomy":"category","embeddable":true,"href":"https:\/\/literarnenoviny.sk\/servis\/wp-json\/wp\/v2\/categories?post=5136"},{"taxonomy":"post_tag","embeddable":true,"href":"https:\/\/literarnenoviny.sk\/servis\/wp-json\/wp\/v2\/tags?post=5136"}],"curies":[{"name":"wp","href":"https:\/\/api.w.org\/{rel}","templated":true}]}}