{"id":5061,"date":"2019-01-29T17:30:36","date_gmt":"2019-01-29T16:30:36","guid":{"rendered":"https:\/\/literarnenoviny.sk\/servis\/?p=5061"},"modified":"2019-01-31T21:43:26","modified_gmt":"2019-01-31T20:43:26","slug":"kniznicnu-zbierku-kornela-foldvariho-spristupnia-na-jar-v-esterhazyho-palaci","status":"publish","type":"post","link":"https:\/\/literarnenoviny.sk\/servis\/kniznicnu-zbierku-kornela-foldvariho-spristupnia-na-jar-v-esterhazyho-palaci\/","title":{"rendered":"Kni\u017eni\u010dn\u00fa zbierku Kornela F\u00f6ldv\u00e1riho spr\u00edstupnia na&nbsp;jar v&nbsp;Esterh\u00e1zyho pal\u00e1ci"},"content":{"rendered":"<p><strong>V budove Slovenskej n\u00e1rodnej gal\u00e9rie vznik\u00e1 Kni\u017enica Kornela a&nbsp;Nade F\u00f6ldv\u00e1ri<\/strong>. Gal\u00e9ria ju za\u010dala pripravova\u0165 e\u0161te s&nbsp;tragicky zosnul\u00fdm Petrom Kri\u0161t\u00fafkom, ktor\u00fd sa&nbsp;sna\u017eil n\u00e1js\u0165 sp\u00f4sob, ako zachova\u0165 ve\u013ek\u00fa zbierku a&nbsp;odkaz spisovate\u013ea, satirika a&nbsp;liter\u00e1rneho kritika <a href=\"https:\/\/sk.wikipedia.org\/wiki\/Kornel_F\u00f6ldv\u00e1ri\" rel=\"noopener\" target=\"_blank\">Kornela F\u00f6ldv\u00e1riho<\/a>.<\/p>\n<p><em>\u201eMoment\u00e1lne sme spracovali asi 3&nbsp;500 kn\u00edh, spolu ich bude asi osemtis\u00edc a&nbsp;vytvor\u00edme z&nbsp;nich experiment\u00e1lnu expoz\u00edciu, \u010do&nbsp;znamen\u00e1, \u017ee&nbsp;nep\u00f4jde o&nbsp;kni\u017enicu, na&nbsp;ak\u00fa s\u00fa \u013eudia zvyknut\u00ed z&nbsp;verejn\u00fdch kni\u017en\u00edc. My chceme, aby to bol v&nbsp;prvom rade z\u00e1\u017eitok, aby to bolo kr\u00e1sne miesto s&nbsp;atmosf\u00e9rou, kde si budete m\u00f4c\u0165 posedie\u0165 a&nbsp;\u010d\u00edta\u0165, alebo len pr\u00edjemne str\u00e1vi\u0165 \u010das,\u201c<\/em> uviedla pre&nbsp;<a href=\"https:\/\/dennikn.sk\/1365400\/na-nasom-mieste-by-to-urobil-kazdy-hovori-roman-zubal-ktoreho-rodina-darovala-slovenskej-narodnej-galerii-diela-v-hodnote-35-miliona-eur\/\" rel=\"noopener\" target=\"_blank\">Denn\u00edk N<\/a> riadite\u013eka SNG Alexandra Kus\u00e1.<\/p>\n<p><center><div class=\"gca-utility vertical-spacer\"><\/div><iframe loading=\"lazy\" src=\"https:\/\/www.facebook.com\/plugins\/post.php?href=https%3A%2F%2Fwww.facebook.com%2Fkornel.foldvari.fanpage%2Fphotos%2Fa.412614655476327%2F412614668809659%2F%3Ftype%3D3&#038;width=500\" width=\"500\" height=\"346\" style=\"border:none;overflow:hidden\" scrolling=\"no\" frameborder=\"0\" allowTransparency=\"true\" allow=\"encrypted-media\"><\/iframe><div class=\"gca-utility vertical-spacer\"><\/div><\/center><\/p>\n<p>Riadite\u013eke gal\u00e9rie sa&nbsp;p\u00e1\u010di, \u017ee&nbsp;namiesto nejakej bronzovej sochy vytvoria \u017eiv\u00fd pomn\u00edk \u010dloveku, ktor\u00fd nikdy nebol zameran\u00fd na&nbsp;\u017eiadne pocty. <\/p>\n<p><em>\u201eBol oddan\u00fd svojej pr\u00e1ci, miloval knihy a&nbsp;chcel ich sprostredkova\u0165 aj ostatn\u00fdm, aj preto zbieral b\u00e9\u010dkov\u00e9 \u017e\u00e1nre. Veril, \u017ee&nbsp;tie m\u00f4\u017eu by\u0165 br\u00e1nou k&nbsp;vy\u0161\u0161\u00edm obsahom, \u010do&nbsp;sa&nbsp;n\u00e1m tie\u017e ve\u013emi p\u00e1\u010di a, samozrejme, do&nbsp;kni\u017enice pretav\u00edme aj jeho zmysel pre&nbsp;humor, ktor\u00fdm bol povestn\u00fd,\u201c<\/em> dod\u00e1va Kus\u00e1.<\/p>\n<p>Kni\u017enicu Kornela a&nbsp;Nade F\u00f6ldv\u00e1ri by gal\u00e9ria chcela otvori\u0165 na&nbsp;jar spolu s&nbsp;novou interakt\u00edvnou projekciou venovanou pr\u00edbehu dej\u00edn umenia, ktor\u00e1 by mala by\u0165 najm\u00e4 pre&nbsp;deti.<\/p>\n<p style=\"text-align: right;\"><small>&mdash;&nbsp;<a href=\"https:\/\/dennikn.sk\/1365400\/na-nasom-mieste-by-to-urobil-kazdy-hovori-roman-zubal-ktoreho-rodina-darovala-slovenskej-narodnej-galerii-diela-v-hodnote-35-miliona-eur\/\" target=\"_blank\">Denn\u00edk N<\/a><\/small><\/p>\n<div class=\"gca-utility clearfix\"><\/div>\n<div class=\"gca-utility vertical-spacer\"><\/div>\n<p><center><span class=\"fullscreen\"><a href=\"\/\/www.martinus.sk\/?z=WLGC7F&#038;utm_source=z%3DWLGC7F&#038;utm_medium=banner1_468x60&#038;utm_campaign=partner\"><img decoding=\"async\" src=\"\/\/www.martinus.sk\/images\/banners\/468x60.jpg\" alt=\"www.martinus.sk\" \/><\/a><\/span><\/center><\/p>\n","protected":false},"excerpt":{"rendered":"<p>V budove Slovenskej n\u00e1rodnej gal\u00e9rie vznik\u00e1 Kni\u017enica Kornela a&nbsp;Nade F\u00f6ldv\u00e1ri. Gal\u00e9ria ju za\u010dala pripravova\u0165 e\u0161te s&nbsp;tragicky zosnul\u00fdm Petrom Kri\u0161t\u00fafkom, ktor\u00fd sa&nbsp;sna\u017eil n\u00e1js\u0165 sp\u00f4sob, ako zachova\u0165 ve\u013ek\u00fa zbierku a&nbsp;odkaz Kornela F\u00f6ldv\u00e1riho. <a href=\"https:\/\/literarnenoviny.sk\/servis\/kniznicnu-zbierku-kornela-foldvariho-spristupnia-na-jar-v-esterhazyho-palaci\/\" class=\"more-link\">Cel\u00e1 spr\u00e1va <span class=\"meta-nav\">&rarr;<\/span><\/a><\/p>\n","protected":false},"author":2,"featured_media":0,"comment_status":"closed","ping_status":"closed","sticky":false,"template":"","format":"standard","meta":{"_links_to":"","_links_to_target":""},"categories":[1],"tags":[89,14,3],"_links":{"self":[{"href":"https:\/\/literarnenoviny.sk\/servis\/wp-json\/wp\/v2\/posts\/5061"}],"collection":[{"href":"https:\/\/literarnenoviny.sk\/servis\/wp-json\/wp\/v2\/posts"}],"about":[{"href":"https:\/\/literarnenoviny.sk\/servis\/wp-json\/wp\/v2\/types\/post"}],"author":[{"embeddable":true,"href":"https:\/\/literarnenoviny.sk\/servis\/wp-json\/wp\/v2\/users\/2"}],"replies":[{"embeddable":true,"href":"https:\/\/literarnenoviny.sk\/servis\/wp-json\/wp\/v2\/comments?post=5061"}],"version-history":[{"count":0,"href":"https:\/\/literarnenoviny.sk\/servis\/wp-json\/wp\/v2\/posts\/5061\/revisions"}],"wp:attachment":[{"href":"https:\/\/literarnenoviny.sk\/servis\/wp-json\/wp\/v2\/media?parent=5061"}],"wp:term":[{"taxonomy":"category","embeddable":true,"href":"https:\/\/literarnenoviny.sk\/servis\/wp-json\/wp\/v2\/categories?post=5061"},{"taxonomy":"post_tag","embeddable":true,"href":"https:\/\/literarnenoviny.sk\/servis\/wp-json\/wp\/v2\/tags?post=5061"}],"curies":[{"name":"wp","href":"https:\/\/api.w.org\/{rel}","templated":true}]}}