{"id":5000,"date":"2019-01-26T10:45:33","date_gmt":"2019-01-26T09:45:33","guid":{"rendered":"https:\/\/literarnenoviny.sk\/servis\/?p=5000"},"modified":"2019-01-29T19:21:25","modified_gmt":"2019-01-29T18:21:25","slug":"tridsat-vyznamnych-spisovatelov-vyzyva-v-spolocnom-manifeste-na-zachranu-europy","status":"publish","type":"post","link":"https:\/\/literarnenoviny.sk\/servis\/tridsat-vyznamnych-spisovatelov-vyzyva-v-spolocnom-manifeste-na-zachranu-europy\/","title":{"rendered":"Tridsa\u0165 v\u00fdznamn\u00fdch spisovate\u013eov vyz\u00fdva v&nbsp;spolo\u010dnom manifeste na&nbsp;z\u00e1chranu Eur\u00f3py"},"content":{"rendered":"<p><strong>Tri desiatky v\u00fdznamn\u00fdch spisovate\u013eov a&nbsp;intelektu\u00e1lov, vr\u00e1tane nieko\u013ek\u00fdch laure\u00e1tov Nobelovej ceny, zareagovali na&nbsp;v\u00fdzvu franc\u00fazskeho filozofa <a href=\"https:\/\/cs.wikipedia.org\/wiki\/Bernard-Henri_L\u00e9vy\" rel=\"noopener\" target=\"_blank\">Bernarda-Henriho L\u00e9vyho<\/a><\/strong>, aby varovali pred narastaj\u00facim vplyvom populizmu, ktor\u00fd ohrozuje Eur\u00f3pu.<\/p>\n<p>V manifeste nazvanom <em><strong>Eur\u00f3psky dom je&nbsp;v&nbsp;plame\u0148och<\/strong> &#8211; Manifest eur\u00f3pskych patriotov<\/em>, ktor\u00fd priniesol franc\u00fazsky denn\u00edk <a href=\"https:\/\/www.liberation.fr\/planete\/2019\/01\/25\/il-y-a-le-feu-a-la-maison-europe-le-manifeste-des-patriotes-europeens_1705305\" rel=\"noopener\" target=\"_blank\">Lib\u00e9ration<\/a> a&nbsp;uverejnil ho aj britsk\u00fd denn\u00edk <a href=\"https:\/\/www.theguardian.com\/commentisfree\/2019\/jan\/25\/fight-europe-wreckers-patriots-nationalist\" rel=\"noopener\" target=\"_blank\">Guardian<\/a>, sa&nbsp;okrem in\u00e9ho uv\u00e1dza:<\/p>\n<p><em>&#8230;za\u00fato\u010dili na&nbsp;n\u00e1s falo\u0161n\u00ed proroci, ktor\u00ed s\u00fa opit\u00ed nen\u00e1vis\u0165ou a&nbsp;v&nbsp;del\u00edriu z&nbsp;novej \u0161ance ocitn\u00fa\u0165 sa&nbsp;v&nbsp;\u017eiare reflektorov. Opusten\u00ed dvomi ve\u013ek\u00fdmi spojencami \u2013 za&nbsp;Laman\u0161sk\u00fdm kan\u00e1lom a&nbsp;spoza Atlantiku &#8211; ktor\u00ed v&nbsp;minulom storo\u010d\u00ed kontinent dvakr\u00e1t zachr\u00e1nili pred samovra\u017edou, sme vydan\u00ed napospas st\u00e1le zrejmej\u0161\u00edm manipul\u00e1ci\u00e1m zo&nbsp;strany vl\u00e1dcu Krem\u013ea. Eur\u00f3pska my\u0161lienka sa&nbsp;n\u00e1m pred o\u010dami rozpad\u00e1.<\/em><\/p>\n<p><center><div class=\"gca-utility vertical-spacer\"><\/div>\n<blockquote class=\"twitter-tweet\" data-lang=\"sk\">\n<p lang=\"fr\" dir=\"ltr\">A la une de&nbsp;<a href=\"https:\/\/twitter.com\/libe?ref_src=twsrc%5Etfw\">@libe<\/a> : \u00abL&#39;Europe est en p\u00e9ril\u00bb, 30 \u00e9crivains alertent <a href=\"https:\/\/t.co\/upYbe8TD4V\">https:\/\/t.co\/upYbe8TD4V<\/a> <a href=\"https:\/\/t.co\/WpEbQnzrJ8\">pic.twitter.com\/WpEbQnzrJ8<\/a><\/p>\n<p>&mdash; Lib\u00e9ration (@libe) <a href=\"https:\/\/twitter.com\/libe\/status\/1088882384043421696?ref_src=twsrc%5Etfw\">25.&nbsp;janu\u00e1ra 2019<\/a><\/p><\/blockquote>\n<p><script async src=\"https:\/\/platform.twitter.com\/widgets.js\" charset=\"utf-8\"><\/script><div class=\"gca-utility vertical-spacer\"><\/div><\/center><\/p>\n<p><em>Na\u0161a gener\u00e1cia sa&nbsp;m\u00fdlila. Pod\u013eahli sme il\u00fazii \u2013 podobne ako nasledovn\u00edci Garibaldiho v&nbsp;19.&nbsp;storo\u010d\u00ed, \u010do&nbsp;ako mantru opakovali Italia se far\u00e0 da s\u00e8 (Taliansko sa&nbsp;spoj\u00ed samo) \u2013, \u017ee&nbsp;kontinent sa&nbsp;zjednot\u00ed s\u00e1m od&nbsp;seba bez toho, aby sme o&nbsp;to museli bojova\u0165 alebo pre&nbsp;to pracova\u0165. Nahov\u00e1rali sme si, \u017ee&nbsp;tak\u00e9 je&nbsp;\u201esmerovanie dej\u00edn\u201c.<\/em><\/p>\n<p><em>Mus\u00edme zavrhn\u00fa\u0165 t\u00fato il\u00faziu. Nem\u00e1me na&nbsp;v\u00fdber.<\/em><\/p>\n<div class=\"gca-utility vertical-spacer\"><\/div>\n<p>Pod dokumentom <a href=\"https:\/\/www.liberation.fr\/planete\/2019\/01\/25\/il-y-a-le-feu-a-la-maison-europe-le-manifeste-des-patriotes-europeens_1705305\" rel=\"noopener\" target=\"_blank\">zverejnenom v&nbsp;nieko\u013ek\u00fdch jazykoch<\/a> s\u00fa podp\u00edsan\u00ed: Vassilis Alexakis, Svetlana Alexijevi\u010d, Anne Applebaum, Jens Christian Gr\u00f8ndahl, David Grossman, \u00c1gnes Heller, Elfriede Jelinek, Isma\u00efl Kadar\u00e9, Gy\u00f6rgy Konr\u00e1d, Milan Kundera, Bernard-Henri L\u00e9vy, Ant\u00f3nio Lobo Antunes, Claudio Magris, Adam Michnik, Ian McEwan, Herta M\u00fcller, \u013dudmila Ulick\u00e1, Orhan Pamuk, Rob Riemen, Salman Rushdie, Fernando Savater, Roberto Saviano, Eugenio Scalfari, Simon Schama, Peter Schneider, Abdulah Sidran, Le\u00efla Slimani, Colm T\u00f3ib\u00edn, Mario Vargas Llosa, Adam Zagajewski.<\/p>\n<p>Signat\u00e1ri apeluj\u00fa na&nbsp;v\u0161etk\u00fdch eur\u00f3pskych vlastencov, aby odolali n\u00e1poru nacionalistov a&nbsp;zabr\u00e1nili prebiehaj\u00facemu rozpadu \u00danie.<\/p>\n<p style=\"text-align: right;\"><small>&mdash;&nbsp;<a href=\"https:\/\/www.liberation.fr\/planete\/2019\/01\/25\/il-y-a-le-feu-a-la-maison-europe-le-manifeste-des-patriotes-europeens_1705305\" target=\"_blank\">Lib\u00e9ration<\/a><\/small><\/p>\n<div class=\"gca-utility clearfix\"><\/div>\n<div class=\"gca-utility vertical-spacer\"><\/div>\n<p><center><span class=\"fullscreen\"><a href=\"\/\/www.martinus.sk\/?z=WLGC7F&#038;utm_source=z%3DWLGC7F&#038;utm_medium=banner1_468x60&#038;utm_campaign=partner\"><img decoding=\"async\" src=\"\/\/www.martinus.sk\/images\/banners\/468x60.jpg\" alt=\"www.martinus.sk\" \/><\/a><\/span><\/center><\/p>\n","protected":false},"excerpt":{"rendered":"<p>Tri desiatky v\u00fdznamn\u00fdch spisovate\u013eov a&nbsp;intelektu\u00e1lov, vr\u00e1tane nieko\u013ek\u00fdch laure\u00e1tov Nobelovej ceny, zareagovali na&nbsp;v\u00fdzvu franc\u00fazskeho filozofa Bernarda-Henriho L\u00e9vyho, aby varovali pred narastaj\u00facim vplyvom populizmu, ktor\u00fd ohrozuje Eur\u00f3pu. Spolo\u010dn\u00fd manifest zverejnil franc\u00fazsky denn\u00edk Lib\u00e9ration. <a href=\"https:\/\/literarnenoviny.sk\/servis\/tridsat-vyznamnych-spisovatelov-vyzyva-v-spolocnom-manifeste-na-zachranu-europy\/\" class=\"more-link\">Cel\u00e1 spr\u00e1va <span class=\"meta-nav\">&rarr;<\/span><\/a><\/p>\n","protected":false},"author":2,"featured_media":0,"comment_status":"closed","ping_status":"closed","sticky":false,"template":"","format":"standard","meta":{"_links_to":"","_links_to_target":""},"categories":[1],"tags":[3,76,23],"_links":{"self":[{"href":"https:\/\/literarnenoviny.sk\/servis\/wp-json\/wp\/v2\/posts\/5000"}],"collection":[{"href":"https:\/\/literarnenoviny.sk\/servis\/wp-json\/wp\/v2\/posts"}],"about":[{"href":"https:\/\/literarnenoviny.sk\/servis\/wp-json\/wp\/v2\/types\/post"}],"author":[{"embeddable":true,"href":"https:\/\/literarnenoviny.sk\/servis\/wp-json\/wp\/v2\/users\/2"}],"replies":[{"embeddable":true,"href":"https:\/\/literarnenoviny.sk\/servis\/wp-json\/wp\/v2\/comments?post=5000"}],"version-history":[{"count":0,"href":"https:\/\/literarnenoviny.sk\/servis\/wp-json\/wp\/v2\/posts\/5000\/revisions"}],"wp:attachment":[{"href":"https:\/\/literarnenoviny.sk\/servis\/wp-json\/wp\/v2\/media?parent=5000"}],"wp:term":[{"taxonomy":"category","embeddable":true,"href":"https:\/\/literarnenoviny.sk\/servis\/wp-json\/wp\/v2\/categories?post=5000"},{"taxonomy":"post_tag","embeddable":true,"href":"https:\/\/literarnenoviny.sk\/servis\/wp-json\/wp\/v2\/tags?post=5000"}],"curies":[{"name":"wp","href":"https:\/\/api.w.org\/{rel}","templated":true}]}}