{"id":4970,"date":"2019-01-24T14:00:07","date_gmt":"2019-01-24T13:00:07","guid":{"rendered":"https:\/\/literarnenoviny.sk\/servis\/?p=4970"},"modified":"2019-02-26T18:39:27","modified_gmt":"2019-02-26T17:39:27","slug":"brazilsky-spisovatel-paulo-coelho-odmietol-dohady-o-podpore-julije-tymosenkovej","status":"publish","type":"post","link":"https:\/\/literarnenoviny.sk\/servis\/brazilsky-spisovatel-paulo-coelho-odmietol-dohady-o-podpore-julije-tymosenkovej\/","title":{"rendered":"Braz\u00edlsky spisovate\u013e Paulo Coelho odmietol dohady o&nbsp;podpore Julije Tymo\u0161enkovej"},"content":{"rendered":"<p><strong>Braz\u00edlsky spisovate\u013e <a href=\"https:\/\/sk.wikipedia.org\/wiki\/Paulo_Coelho\" rel=\"noopener\" target=\"_blank\">Paulo Coelho<\/a> odmietol dohady o&nbsp;podpore ukrajinskej expremi\u00e9rky <a href=\"https:\/\/sk.wikipedia.org\/wiki\/Julija_Volodymyrivna_Tymo\u0161enkov\u00e1\" rel=\"noopener\" target=\"_blank\">Julije Tymo\u0161enkovej<\/a> v&nbsp;bl\u00ed\u017eiacich sa&nbsp;prezidentsk\u00fdch vo\u013eb\u00e1ch<\/strong>. \u0160pekul\u00e1cie o&nbsp;jeho podpore sa&nbsp;objavili po&nbsp;ozn\u00e1men\u00ed Tymo\u0161enkovej nomin\u00e1cie, po\u010das ktorej <a href=\"https:\/\/www.youtube.com\/watch?v=SIYhCqetgt4\" rel=\"noopener\" target=\"_blank\">premietli video<\/a> s&nbsp;Coelhom. <\/p>\n<p>Paulo Coelho na&nbsp;Twitteri uviedol, \u017ee&nbsp;<em>\u201eNikdy nenakr\u00fatil \u017eiadne posolstvo na&nbsp;podporu jej s\u00fa\u010dasnej kandidat\u00fary; aj ke\u010f sa&nbsp;mi ako osoba p\u00e1\u010di, ukrajinsk\u00e1 politika je&nbsp;mimo m\u0148a,\u201c<\/em> nap\u00edsal spisovate\u013e. Vo&nbsp;videu ju Coelho ozna\u010duje za&nbsp;<em> \u201echarizmatick\u00fa a&nbsp;siln\u00fa osobnos\u0165,\u201c<\/em> ktor\u00e1 je&nbsp;<em>\u201eschopn\u00e1 vies\u0165 krajinu\u201c<\/em>.<\/p>\n<p><center><div class=\"gca-utility vertical-spacer\"><\/div>\n<blockquote class=\"twitter-tweet\" data-lang=\"sk\">\n<p lang=\"en\" dir=\"ltr\">I never recorded any message supporting her current  candidacy; even if I&nbsp;like her as a&nbsp;person, Ukraine politics is none of my business <\/p>\n<p>Ex-PM Tymoshenko launches bid for Ukraine presidency <a href=\"https:\/\/t.co\/5bpuC4l2fK\">https:\/\/t.co\/5bpuC4l2fK<\/a><\/p>\n<p>&mdash; Paulo Coelho (@paulocoelho) <a href=\"https:\/\/twitter.com\/paulocoelho\/status\/1088100609419550721?ref_src=twsrc%5Etfw\">23.&nbsp;janu\u00e1ra 2019<\/a><\/p><\/blockquote>\n<p><script async src=\"https:\/\/platform.twitter.com\/widgets.js\" charset=\"utf-8\"><\/script><div class=\"gca-utility vertical-spacer\"><\/div><\/center><\/p>\n<p>Podobne sa&nbsp;vyjadril aj b\u00fdval\u00fd gener\u00e1lny tajomn\u00edk NATO <a href=\"https:\/\/cs.wikipedia.org\/wiki\/Anders_Fogh_Rasmussen\" rel=\"noopener\" target=\"_blank\">Anders Fogh Rasmussen<\/a>, ktor\u00e9ho v\u00fdroky boli tie\u017e citovan\u00e9. Pre&nbsp;ukrajinsk\u00fa telev\u00edznu stanicu uviedol, \u017ee&nbsp;jeho v\u00fdrok, ktor\u00fd bol vo&nbsp;videu, nebol ur\u010den\u00fd \u017eiadnemu \u0161pecifick\u00e9mu kandid\u00e1tovi.<\/p>\n<p>Julija Tymo\u0161enkov\u00e1 sa&nbsp;pre&nbsp;agent\u00faru AFP ku&nbsp;kauze vyjadrila vo&nbsp;\u0161vaj\u010diarskom Davose, kde je&nbsp;na&nbsp;Svetovom ekonomickom f\u00f3re. Tvrd\u00ed, \u017ee&nbsp;novin\u00e1ri video nespr\u00e1vne interpretovali. Zverejnen\u00e9 z\u00e1bery boli z&nbsp;filmu o&nbsp;jej \u017eivote s&nbsp;n\u00e1zvom <em><strong>Julija<\/strong><\/em>, ktor\u00fd bol nakr\u00faten\u00fd v&nbsp;roku 2010. <\/p>\n<p><em>\u201eDokument\u00e1rne z\u00e1znamy, ktor\u00e9 v&nbsp;\u0148om boli pou\u017eit\u00e9, s\u00fa pod\u013ea m\u00f4jho n\u00e1zoru absol\u00fatne korektn\u00e9,\u201c<\/em> uviedla ukrajinsk\u00e1 expremi\u00e9rka.<\/p>\n<p style=\"text-align: right;\"><small>&mdash;&nbsp;<a href=\"https:\/\/www.unian.info\/politics\/10419525-paulo-coelho-i-never-recorded-any-message-in-support-of-tymoshenko-video.html\" target=\"_blank\">Unian<\/a> a&nbsp;<!a href=\"https:\/\/addmedia.link\" target=\"_blank\">Addmedia<\/a><\/small><\/p>\n<div class=\"gca-utility clearfix\"><\/div>\n<div class=\"gca-utility vertical-spacer\"><\/div>\n<p><center><span class=\"fullscreen\"><a href=\"\/\/www.martinus.sk\/?z=WLGC7F&#038;utm_source=z%3DWLGC7F&#038;utm_medium=banner1_468x60&#038;utm_campaign=partner\"><img decoding=\"async\" src=\"\/\/www.martinus.sk\/images\/banners\/468x60.jpg\" alt=\"www.martinus.sk\" \/><\/a><\/span><\/center><\/p>\n","protected":false},"excerpt":{"rendered":"<p>Braz\u00edlsky spisovate\u013e Paulo Coelho odmietol dohady o&nbsp;podpore ukrajinskej expremi\u00e9rky Julije Tymo\u0161enkovej v&nbsp;bl\u00ed\u017eiacich sa&nbsp;prezidentsk\u00fdch vo\u013eb\u00e1ch.  \u0160pekul\u00e1cie o&nbsp;jeho podpore sa&nbsp;objavili po&nbsp;ozn\u00e1men\u00ed Tymo\u0161enkovej nomin\u00e1cie, po\u010das ktorej premietli video s&nbsp;Coelhom.  <a href=\"https:\/\/literarnenoviny.sk\/servis\/brazilsky-spisovatel-paulo-coelho-odmietol-dohady-o-podpore-julije-tymosenkovej\/\" class=\"more-link\">Cel\u00e1 spr\u00e1va <span class=\"meta-nav\">&rarr;<\/span><\/a><\/p>\n","protected":false},"author":2,"featured_media":0,"comment_status":"closed","ping_status":"closed","sticky":false,"template":"","format":"standard","meta":{"_links_to":"","_links_to_target":""},"categories":[1],"tags":[3,33,76],"_links":{"self":[{"href":"https:\/\/literarnenoviny.sk\/servis\/wp-json\/wp\/v2\/posts\/4970"}],"collection":[{"href":"https:\/\/literarnenoviny.sk\/servis\/wp-json\/wp\/v2\/posts"}],"about":[{"href":"https:\/\/literarnenoviny.sk\/servis\/wp-json\/wp\/v2\/types\/post"}],"author":[{"embeddable":true,"href":"https:\/\/literarnenoviny.sk\/servis\/wp-json\/wp\/v2\/users\/2"}],"replies":[{"embeddable":true,"href":"https:\/\/literarnenoviny.sk\/servis\/wp-json\/wp\/v2\/comments?post=4970"}],"version-history":[{"count":0,"href":"https:\/\/literarnenoviny.sk\/servis\/wp-json\/wp\/v2\/posts\/4970\/revisions"}],"wp:attachment":[{"href":"https:\/\/literarnenoviny.sk\/servis\/wp-json\/wp\/v2\/media?parent=4970"}],"wp:term":[{"taxonomy":"category","embeddable":true,"href":"https:\/\/literarnenoviny.sk\/servis\/wp-json\/wp\/v2\/categories?post=4970"},{"taxonomy":"post_tag","embeddable":true,"href":"https:\/\/literarnenoviny.sk\/servis\/wp-json\/wp\/v2\/tags?post=4970"}],"curies":[{"name":"wp","href":"https:\/\/api.w.org\/{rel}","templated":true}]}}