{"id":495,"date":"2017-05-28T20:30:35","date_gmt":"2017-05-28T18:30:35","guid":{"rendered":"http:\/\/www.literarnenoviny.sk\/servis\/?p=495"},"modified":"2017-05-28T20:30:35","modified_gmt":"2017-05-28T18:30:35","slug":"zlatu-palmu-ziskal-na-festivale-v-cannes-film-the-square-rezisera-rubena-ostlunda","status":"publish","type":"post","link":"https:\/\/literarnenoviny.sk\/servis\/zlatu-palmu-ziskal-na-festivale-v-cannes-film-the-square-rezisera-rubena-ostlunda\/","title":{"rendered":"Zlat\u00fa palmu z\u00edskal na&nbsp;festivale v&nbsp;Cannes film The&nbsp;Square re\u017eis\u00e9ra Rubena \u00d6stlunda"},"content":{"rendered":"<p>Najvy\u0161\u0161ie ocenenie, <strong>Zlat\u00fa palmu, z\u00edskala na&nbsp;<a href=\"http:\/\/www.festival-cannes.com\/fr\/festival\/palmares\/competition-1\" target=\"_blank\">medzin\u00e1rodnom filmovom festivale v&nbsp;Cannes<\/a> koproduk\u010dn\u00e1 dr\u00e1ma \u0161v\u00e9dskeho re\u017eis\u00e9ra a&nbsp;scen\u00e1ristu <a href=\"https:\/\/en.wikipedia.org\/wiki\/Ruben_%C3%96stlund\" target=\"_blank\">Rubena Ostlunda<\/a> The&nbsp;Square<\/strong>. Film rozpr\u00e1va o&nbsp;re\u0161pektovanom kur\u00e1torovi m\u00fazea, ktor\u00e9ho posledn\u00e1 v\u00fdstava zaujme svoj\u00edm altruizmom, no privedie ho aj do&nbsp;probl\u00e9mov.<br \/>\n&nbsp;<br \/>\nPorote na&nbsp;tohtoro\u010dnom 70.&nbsp;ro\u010dn\u00edku festivalu predsedal zn\u00e1my \u0161panielsky re\u017eis\u00e9r <a href=\"https:\/\/sk.wikipedia.org\/wiki\/Pedro_Almod%C3%B3var\" target=\"_blank\">Pedro Almod\u00f3var<\/a>. Jej \u010dlenmi boli tie\u017e americk\u00fd herec Will Smith, taliansky re\u017eis\u00e9r Paolo Sorrentino, \u010di&nbsp;franc\u00fazsko-libanonsk\u00fd skladate\u013e filmovej hudby Gabriel Yared.<\/p>\n","protected":false},"excerpt":{"rendered":"<p>Najvy\u0161\u0161ie ocenenie, Zlat\u00fa palmu, z\u00edskala na&nbsp;70.&nbsp;ro\u010dn\u00edku medzin\u00e1rodn\u00e9ho filmov\u00e9ho festivalu v&nbsp;Cannes koproduk\u010dn\u00e1 dr\u00e1ma \u0161v\u00e9dskeho re\u017eis\u00e9ra a&nbsp;scen\u00e1ristu Rubena Ostlunda The&nbsp;Square. <a href=\"https:\/\/literarnenoviny.sk\/servis\/zlatu-palmu-ziskal-na-festivale-v-cannes-film-the-square-rezisera-rubena-ostlunda\/\" class=\"more-link\">Cel\u00e1 spr\u00e1va <span class=\"meta-nav\">&rarr;<\/span><\/a><\/p>\n","protected":false},"author":2,"featured_media":0,"comment_status":"closed","ping_status":"open","sticky":false,"template":"","format":"standard","meta":{"_links_to":"","_links_to_target":""},"categories":[1],"tags":[15,16,21],"_links":{"self":[{"href":"https:\/\/literarnenoviny.sk\/servis\/wp-json\/wp\/v2\/posts\/495"}],"collection":[{"href":"https:\/\/literarnenoviny.sk\/servis\/wp-json\/wp\/v2\/posts"}],"about":[{"href":"https:\/\/literarnenoviny.sk\/servis\/wp-json\/wp\/v2\/types\/post"}],"author":[{"embeddable":true,"href":"https:\/\/literarnenoviny.sk\/servis\/wp-json\/wp\/v2\/users\/2"}],"replies":[{"embeddable":true,"href":"https:\/\/literarnenoviny.sk\/servis\/wp-json\/wp\/v2\/comments?post=495"}],"version-history":[{"count":0,"href":"https:\/\/literarnenoviny.sk\/servis\/wp-json\/wp\/v2\/posts\/495\/revisions"}],"wp:attachment":[{"href":"https:\/\/literarnenoviny.sk\/servis\/wp-json\/wp\/v2\/media?parent=495"}],"wp:term":[{"taxonomy":"category","embeddable":true,"href":"https:\/\/literarnenoviny.sk\/servis\/wp-json\/wp\/v2\/categories?post=495"},{"taxonomy":"post_tag","embeddable":true,"href":"https:\/\/literarnenoviny.sk\/servis\/wp-json\/wp\/v2\/tags?post=495"}],"curies":[{"name":"wp","href":"https:\/\/api.w.org\/{rel}","templated":true}]}}