{"id":4842,"date":"2019-01-08T17:15:05","date_gmt":"2019-01-08T16:15:05","guid":{"rendered":"https:\/\/literarnenoviny.sk\/servis\/?p=4842"},"modified":"2019-01-09T22:36:41","modified_gmt":"2019-01-09T21:36:41","slug":"medzi-osobnostami-ocenenymi-prezidentom-republiky-su-aj-viaceri-spisovatelia","status":"publish","type":"post","link":"https:\/\/literarnenoviny.sk\/servis\/medzi-osobnostami-ocenenymi-prezidentom-republiky-su-aj-viaceri-spisovatelia\/","title":{"rendered":"Medzi osobnos\u0165ami ocenen\u00fdmi prezidentom republiky s\u00fa aj viacer\u00ed spisovatelia"},"content":{"rendered":"<p><strong>Slovensk\u00fd prezident odovzdal tridsa\u0165 \u0161t\u00e1tnych vyznamenan\u00ed osobnostiam zo&nbsp;spolo\u010densk\u00e9ho aj \u0161portov\u00e9ho \u017eivota<\/strong>. Andrejovi Kiskovi sa&nbsp;skon\u010d\u00ed tento rok mand\u00e1t. Ide o&nbsp;posledn\u00e9 udelenie vysok\u00fdch ocenen\u00ed z&nbsp;jeho r\u00fak. <\/p>\n<p>Rad \u013dudov\u00edta \u0160t\u00fara 1.&nbsp;triedy za&nbsp;mimoriadne z\u00e1sluhy o&nbsp;rozvoj liter\u00e1rnej \u010dinnosti z\u00edskali aj spisovate\u013e <strong>Du\u0161an Mitana<\/strong>, spisovate\u013eka a&nbsp;prekladate\u013eka <strong>Jana Jur\u00e1\u0148ov\u00e1<\/strong> a&nbsp;psychiater a&nbsp;spisovate\u013e <strong>P\u00e9ter Hun\u010d\u00edk<\/strong>.<\/p>\n<p><center><div class=\"gca-utility vertical-spacer\"><\/div>\n<blockquote class=\"twitter-tweet\" data-lang=\"sk\">\n<p lang=\"und\" dir=\"ltr\">Kiska vyznamen\u00e1va 30 osobnost\u00ed, s\u00fa medzi nimi aj Abrh\u00e1m, \u017dbirka, Mitana, Hantuchov\u00e1 a&nbsp;Kuciak <a href=\"https:\/\/twitter.com\/hashtag\/VyznamenaniaOdPrezidenta?src=hash&amp;ref_src=twsrc%5Etfw\">#VyznamenaniaOdPrezidenta<\/a> <a href=\"https:\/\/t.co\/2lH3jZszb7\">https:\/\/t.co\/2lH3jZszb7<\/a> <a href=\"https:\/\/t.co\/DSZ5aCbuWw\">pic.twitter.com\/DSZ5aCbuWw<\/a><\/p>\n<p>&mdash; Denn\u00edk N (@dennikN) <a href=\"https:\/\/twitter.com\/dennikN\/status\/1082678237594030083?ref_src=twsrc%5Etfw\">8.&nbsp;janu\u00e1ra 2019<\/a><\/p><\/blockquote>\n<p><script async src=\"https:\/\/platform.twitter.com\/widgets.js\" charset=\"utf-8\"><\/script><div class=\"gca-utility vertical-spacer\"><\/div><\/center><\/p>\n<p>Medzi ocenen\u00fdmi je&nbsp;aj vydavate\u013e Alexej Fulmek, historik a&nbsp;b\u00fdval\u00fd minister kult\u00fary Ladislav Snopko, here\u010dka a&nbsp;diplomatka Magdal\u00e9na V\u00e1\u0161\u00e1ryov\u00e1, herec Richard Stanke a&nbsp;\u010desk\u00fd herec Josef Abrh\u00e1m.<\/p>\n<p><strong>Rad \u013dudov\u00edta \u0160t\u00fara, in memoriam<\/strong>, za&nbsp;mimoriadne z\u00e1sluhy o&nbsp;rozvoj demokracie a&nbsp;o&nbsp;rozvoj v&nbsp;oblasti \u017eurnalistiky udelil prezident republiky <strong>zavra\u017eden\u00e9mu investigat\u00edvnemu novin\u00e1rovi J\u00e1novi Kuciakovi<\/strong>.<\/p>\n<p><em>\u201eBol skromn\u00fd, m\u00e1lo \u013eud\u00ed ho poznalo ako novin\u00e1ra, no v\u010faka nemu sme sa&nbsp;o&nbsp;na\u0161ej spolo\u010dnosti dozvedeli ve\u013emi ve\u013ea,\u201d<\/em> uviedol prezident Andrej Kiska.<\/p>\n<p style=\"text-align: right;\"><small>&mdash;&nbsp;<a href=\"https:\/\/dennikn.sk\/1343383\/vasaryova-abrham-snopko-hantuchova-kuciak-stanke-ci-zbirka-za-co-kiska-udelil-vyznamenania\/\" target=\"_blank\">Denn\u00edk N<\/a>, <a href=\"https:\/\/www.aktuality.sk\/clanok\/655090\/statne-vyznamenania-dostali-herec-ztanke-zbirka-i-dubovcova\/\" target=\"_blank\">Aktuality.sk<\/a><\/small><\/p>\n<div class=\"gca-utility clearfix\"><\/div>\n<div class=\"gca-utility vertical-spacer\"><\/div>\n<p><center><span class=\"fullscreen\"><a href=\"\/\/www.martinus.sk\/?z=WLGC7F&#038;utm_source=z%3DWLGC7F&#038;utm_medium=banner1_468x60&#038;utm_campaign=partner\"><img decoding=\"async\" src=\"\/\/www.martinus.sk\/images\/banners\/468x60.jpg\" alt=\"www.martinus.sk\" \/><\/a><\/span><\/center><\/p>\n","protected":false},"excerpt":{"rendered":"<p>Slovensk\u00fd prezident Andrej Kiska odovzdal tridsa\u0165 \u0161t\u00e1tnych vyznamenan\u00ed osobnostiam zo&nbsp;spolo\u010densk\u00e9ho aj \u0161portov\u00e9ho \u017eivota. Rad \u013dudov\u00edta \u0160t\u00fara 1.&nbsp;triedy za&nbsp;mimoriadne z\u00e1sluhy o&nbsp;rozvoj liter\u00e1rnej \u010dinnosti z\u00edskali aj spisovatelia Du\u0161an Mitana, Jana Jur\u00e1\u0148ov\u00e1 a&nbsp;P\u00e9ter Hun\u010d\u00edk. <a href=\"https:\/\/literarnenoviny.sk\/servis\/medzi-osobnostami-ocenenymi-prezidentom-republiky-su-aj-viaceri-spisovatelia\/\" class=\"more-link\">Cel\u00e1 spr\u00e1va <span class=\"meta-nav\">&rarr;<\/span><\/a><\/p>\n","protected":false},"author":2,"featured_media":0,"comment_status":"closed","ping_status":"closed","sticky":false,"template":"","format":"standard","meta":{"_links_to":"","_links_to_target":""},"categories":[1],"tags":[4,3,21,23,27],"_links":{"self":[{"href":"https:\/\/literarnenoviny.sk\/servis\/wp-json\/wp\/v2\/posts\/4842"}],"collection":[{"href":"https:\/\/literarnenoviny.sk\/servis\/wp-json\/wp\/v2\/posts"}],"about":[{"href":"https:\/\/literarnenoviny.sk\/servis\/wp-json\/wp\/v2\/types\/post"}],"author":[{"embeddable":true,"href":"https:\/\/literarnenoviny.sk\/servis\/wp-json\/wp\/v2\/users\/2"}],"replies":[{"embeddable":true,"href":"https:\/\/literarnenoviny.sk\/servis\/wp-json\/wp\/v2\/comments?post=4842"}],"version-history":[{"count":0,"href":"https:\/\/literarnenoviny.sk\/servis\/wp-json\/wp\/v2\/posts\/4842\/revisions"}],"wp:attachment":[{"href":"https:\/\/literarnenoviny.sk\/servis\/wp-json\/wp\/v2\/media?parent=4842"}],"wp:term":[{"taxonomy":"category","embeddable":true,"href":"https:\/\/literarnenoviny.sk\/servis\/wp-json\/wp\/v2\/categories?post=4842"},{"taxonomy":"post_tag","embeddable":true,"href":"https:\/\/literarnenoviny.sk\/servis\/wp-json\/wp\/v2\/tags?post=4842"}],"curies":[{"name":"wp","href":"https:\/\/api.w.org\/{rel}","templated":true}]}}