{"id":4796,"date":"2019-01-01T18:15:39","date_gmt":"2019-01-01T17:15:39","guid":{"rendered":"https:\/\/literarnenoviny.sk\/servis\/?p=4796"},"modified":"2020-10-15T22:06:38","modified_gmt":"2020-10-15T20:06:38","slug":"vo-veku-92-rokov-zomrel-nemecky-spisovatel-zidovskeho-povodu-edgar-hilsenrath","status":"publish","type":"post","link":"https:\/\/literarnenoviny.sk\/servis\/vo-veku-92-rokov-zomrel-nemecky-spisovatel-zidovskeho-povodu-edgar-hilsenrath\/","title":{"rendered":"Vo veku 92 rokov zomrel nemeck\u00fd spisovate\u013e \u017eidovsk\u00e9ho p\u00f4vodu Edgar Hilsenrath"},"content":{"rendered":"<p><strong>Vo veku 92 rokov zomrel zn\u00e1my nemeck\u00fd spisovate\u013e \u017eidovsk\u00e9ho p\u00f4vodu <a href=\"https:\/\/de.wikipedia.org\/wiki\/Edgar_Hilsenrath\" rel=\"noopener noreferrer\" target=\"_blank\">Edgar Hilsenrath<\/a><\/strong>. Jeho najzn\u00e1mej\u0161\u00edmi rom\u00e1nmi <em>s\u00fa <strong>Noc<\/strong> (Nacht, 1964)<\/em>, <em><strong>Nacista a&nbsp;holi\u010d<\/strong> (The&nbsp;Nazi and the&nbsp;Barber, 1971)<\/em>, <em><strong><a href=\"https:\/\/www.martinus.sk\/?uItem=214544&#038;z=WLGC7F&#038;utm_source=z%3DWLGC7F&#038;utm_medium=url&#038;utm_campaign=partner\" rel=\"noopener noreferrer\" target=\"_blank\">Fuck America<\/a><\/strong> (1980)<\/em> a&nbsp;<em><strong>Pr\u00edbeh o&nbsp;poslednej my\u0161lienke<\/strong> (Das M\u00e4rchen vom letzten Gedanken, 1989)<\/em>, ktor\u00fd sa&nbsp;zaober\u00e1 genoc\u00eddou Arm\u00e9nov.<\/p>\n<p>Narodil sa&nbsp;v&nbsp;saskom Lipsku, a&nbsp;ke\u010f mal 12 rokov, spolu s&nbsp;rodinou utiekol pred nacistickou perzek\u00faciou do&nbsp;Siretu v&nbsp;rumunskej Bukovine. Nesk\u00f4r ho odtia\u013e deportovali do&nbsp;\u017eidovsk\u00e9ho geta v&nbsp;ukrajinskom meste \u010cernovice.<\/p>\n<p><center><div class=\"gca-utility vertical-spacer\"><\/div>\n<blockquote class=\"twitter-tweet\" data-lang=\"sk\">\n<p lang=\"en\" dir=\"ltr\">German-Jewish writer Edgar Hilsenrath has died at 92. Do&nbsp;you know his most famous \u2014 and rather controversial \u2014 book, &quot;The&nbsp;Nazi and the&nbsp;Barber&quot;? <a href=\"https:\/\/t.co\/aTiREGinIM\">https:\/\/t.co\/aTiREGinIM<\/a> <a href=\"https:\/\/t.co\/hvmHij3aRn\">pic.twitter.com\/hvmHij3aRn<\/a><\/p>\n<p>&mdash; DW Culture (@dw_culture) <a href=\"https:\/\/twitter.com\/dw_culture\/status\/1080150408822222848?ref_src=twsrc%5Etfw\">1.&nbsp;janu\u00e1ra 2019<\/a><\/p><\/blockquote>\n<p><script async src=\"https:\/\/platform.twitter.com\/widgets.js\" charset=\"utf-8\"><\/script><div class=\"gca-utility vertical-spacer\"><\/div><\/center><\/p>\n<p>Po skon\u010den\u00ed vojny \u017eil vo&nbsp;Franc\u00fazsku, v&nbsp;Izraeli a&nbsp;Spojen\u00fdch \u0161t\u00e1toch. Jeho diela s\u00fa zalo\u017een\u00e9 preva\u017ene na&nbsp;spomienkach z&nbsp;obdobia vojny.<\/p>\n<p>Hilsenrath bol dr\u017eite\u013eom mnoh\u00fdch ocenen\u00ed vr\u00e1tane Ceny Alfreda D\u00f6blina, Ceny Heinza Galinsk\u00e9ho, Ceny Hansa Ericha Nossacka, Ceny Hansa Sahla \u010di&nbsp;Ceny Liona Feuchtwangera. <\/p>\n<p>Jeho najv\u00e4\u010d\u0161\u00edm medzin\u00e1rodn\u00fdm bestsellerom bol rom\u00e1n <em><strong><!a href=\"https:\/\/www.slovart.sk\/knihy-v-slovencine-a-cestine\/beletria\/nacista-a-holic.html?page_id=11638\" rel=\"noopener\" target=\"_blank\">Nacista a&nbsp;holi\u010d<\/a><\/strong><\/em>, z&nbsp;ktor\u00e9ho sa&nbsp;predali mili\u00f3ny v\u00fdtla\u010dkov a&nbsp;v&nbsp;roku 2011 vy\u0161iel <a href=\"https:\/\/www.slovart.sk\/knihy-v-slovencine-a-cestine\/beletria\/nacista-a-holic.html?page_id=11638\" rel=\"noopener noreferrer\" target=\"_blank\">vo vydavate\u013estve Slovart<\/a> aj v&nbsp;slovenskom preklade.<\/p>\n<p style=\"text-align: right;\"><small>&mdash;&nbsp;<a href=\"https:\/\/www.dw.com\/en\/holocaust-satirist-elgar-hilsenrath-dies-at-92\/a-46915773\" target=\"_blank\" rel=\"noopener noreferrer\">Deutsche Welle<\/a><\/small><\/p>\n<div class=\"gca-utility clearfix\"><\/div>\n<div class=\"gca-utility vertical-spacer\"><\/div>\n<p><center><span class=\"fullscreen\"><a href=\"\/\/www.martinus.sk\/?z=WLGC7F&#038;utm_source=z%3DWLGC7F&#038;utm_medium=banner1_468x60&#038;utm_campaign=partner\"><img decoding=\"async\" src=\"\/\/www.martinus.sk\/images\/banners\/468x60.jpg\" alt=\"www.martinus.sk\" \/><\/a><\/span><\/center><\/p>\n","protected":false},"excerpt":{"rendered":"<p>Vo veku 92 rokov zomrel zn\u00e1my nemeck\u00fd spisovate\u013e \u017eidovsk\u00e9ho p\u00f4vodu Edgar Hilsenrath. Hilsenrath bol dr\u017eite\u013eom mnoh\u00fdch ocenen\u00ed vr\u00e1tane Ceny Alfreda D\u00f6blina, Ceny Heinza Galinsk\u00e9ho, Ceny Hansa Ericha Nossacka, Ceny Hansa Sahla \u010di&nbsp;Ceny Liona Feuchtwangera. Jeho najv\u00e4\u010d\u0161\u00edm medzin\u00e1rodn\u00fdm bestsellerom bol rom\u00e1n Nacista a&nbsp;holi\u010d, z&nbsp;ktor\u00e9ho sa&nbsp;predali mili\u00f3ny v\u00fdtla\u010dkov.  <a href=\"https:\/\/literarnenoviny.sk\/servis\/vo-veku-92-rokov-zomrel-nemecky-spisovatel-zidovskeho-povodu-edgar-hilsenrath\/\" class=\"more-link\">Cel\u00e1 spr\u00e1va <span class=\"meta-nav\">&rarr;<\/span><\/a><\/p>\n","protected":false},"author":2,"featured_media":0,"comment_status":"closed","ping_status":"closed","sticky":false,"template":"","format":"standard","meta":{"_links_to":"","_links_to_target":""},"categories":[1],"tags":[3,21,209],"_links":{"self":[{"href":"https:\/\/literarnenoviny.sk\/servis\/wp-json\/wp\/v2\/posts\/4796"}],"collection":[{"href":"https:\/\/literarnenoviny.sk\/servis\/wp-json\/wp\/v2\/posts"}],"about":[{"href":"https:\/\/literarnenoviny.sk\/servis\/wp-json\/wp\/v2\/types\/post"}],"author":[{"embeddable":true,"href":"https:\/\/literarnenoviny.sk\/servis\/wp-json\/wp\/v2\/users\/2"}],"replies":[{"embeddable":true,"href":"https:\/\/literarnenoviny.sk\/servis\/wp-json\/wp\/v2\/comments?post=4796"}],"version-history":[{"count":0,"href":"https:\/\/literarnenoviny.sk\/servis\/wp-json\/wp\/v2\/posts\/4796\/revisions"}],"wp:attachment":[{"href":"https:\/\/literarnenoviny.sk\/servis\/wp-json\/wp\/v2\/media?parent=4796"}],"wp:term":[{"taxonomy":"category","embeddable":true,"href":"https:\/\/literarnenoviny.sk\/servis\/wp-json\/wp\/v2\/categories?post=4796"},{"taxonomy":"post_tag","embeddable":true,"href":"https:\/\/literarnenoviny.sk\/servis\/wp-json\/wp\/v2\/tags?post=4796"}],"curies":[{"name":"wp","href":"https:\/\/api.w.org\/{rel}","templated":true}]}}