{"id":4670,"date":"2018-12-24T15:50:55","date_gmt":"2018-12-24T14:50:55","guid":{"rendered":"https:\/\/literarnenoviny.sk\/servis\/?p=4670"},"modified":"2018-12-30T02:58:16","modified_gmt":"2018-12-30T01:58:16","slug":"v-moskve-otvorili-muzeum-venovane-ruskemu-spisovatelovi-alexandrovi-solzenicynovi","status":"publish","type":"post","link":"https:\/\/literarnenoviny.sk\/servis\/v-moskve-otvorili-muzeum-venovane-ruskemu-spisovatelovi-alexandrovi-solzenicynovi\/","title":{"rendered":"V Moskve otvorili m\u00fazeum venovan\u00e9 rusk\u00e9mu spisovate\u013eovi Alexandrovi Sol\u017eenicynovi"},"content":{"rendered":"<p><strong>Pri pr\u00edle\u017eitosti 100.&nbsp;v\u00fdro\u010dia narodenia <a href=\"https:\/\/sk.wikipedia.org\/wiki\/Alexandr_Isajevi\u010d_Sol\u017eenicyn\" rel=\"noopener\" target=\"_blank\">Alexandra Sol\u017eenicyna<\/a> otvorili v&nbsp;Moskve m\u00fazeum venovan\u00e9 tomuto spisovate\u013eovi a&nbsp;disidentovi<\/strong>. V\u00fdstavn\u00e9 priestory vznikli <a href=\"https:\/\/literarnenoviny.sk\/servis\/v-moskve-odhalili-pamatnu-tabulu-ruskemu-spisovatelovi-alexandrovi-solzenicynovi\/\" target=\"_blank\">v jeho niekdaj\u0161om byte<\/a>, kde ho za\u010diatkom 70.&nbsp;rokov zadr\u017eali.<\/p>\n<p><em>\u201eSol\u017eenicynovi sa&nbsp;venuj\u00fa aj in\u00e9 m\u00faze\u00e1: Ako sa&nbsp;narodil, \u0161tudoval, o\u017eenil \u010di&nbsp;bojoval. A&nbsp;tento byt si v\u0161etko pam\u00e4t\u00e1&#8230; Tu je&nbsp;koncentrovan\u00e1 atmosf\u00e9ra,\u201c<\/em> uviedla pri jeho otvoren\u00ed vdova po&nbsp;spisovate\u013eovi.<\/p>\n<p>Prezent\u00e1cia je&nbsp;pod\u013ea spr\u00e1vy ruskej agent\u00fary <a href=\"https:\/\/tass.ru\/kultura\/5948143\" rel=\"noopener\" target=\"_blank\">TASS<\/a> spracovan\u00edm r\u00f4znych tematick\u00fdch oblast\u00ed, t\u00fdkaj\u00facich sa&nbsp;Sol\u017eenicynovho \u017eivota a&nbsp;tvorby.<\/p>\n<p><center><div class=\"gca-utility vertical-spacer\"><\/div>\n<blockquote class=\"twitter-tweet\" data-lang=\"sk\">\n<p lang=\"en\" dir=\"ltr\">Moscow unveils Solzhenitsyn\u00a0monument on what would have been the&nbsp;writer&#39;s&nbsp;100th\u00a0birthday <a href=\"https:\/\/t.co\/8CbpoS1Ae8\">https:\/\/t.co\/8CbpoS1Ae8<\/a> <a href=\"https:\/\/t.co\/ynPOEg4fdX\">pic.twitter.com\/ynPOEg4fdX<\/a><\/p>\n<p>&mdash; Rapida Russia (@rapida_russia) <a href=\"https:\/\/twitter.com\/rapida_russia\/status\/1075289137505230848?ref_src=twsrc%5Etfw\">19.&nbsp;decembra 2018<\/a><\/p><\/blockquote>\n<p><script async src=\"https:\/\/platform.twitter.com\/widgets.js\" charset=\"utf-8\"><\/script><div class=\"gca-utility vertical-spacer\"><\/div><\/center><\/p>\n<p>Alexandr Isajevi\u010d Sol\u017eenicyn bol jedn\u00fdm z&nbsp;najv\u00e4\u010d\u0161\u00edch kritikov komunistick\u00e9ho re\u017eimu v&nbsp;b\u00fdvalom Sovietskom zv\u00e4ze. Krutos\u0165 stalinsk\u00e9ho teroru poc\u00edtil na&nbsp;vlastnej ko\u017ei \u2013 u\u017e&nbsp;v&nbsp;roku 1945 ho ods\u00fadili na&nbsp;osem rokov v\u00e4zenia, z&nbsp;\u010doho dva roky str\u00e1vil v&nbsp;gulagu.<\/p>\n<p>V roku 1970 mu udelili <a href=\"https:\/\/sk.wikipedia.org\/wiki\/Zoznam_nosite\u013eov_Nobelovej_ceny_za_literat\u00faru\" rel=\"noopener\" target=\"_blank\">Nobelovu cenu za&nbsp;literat\u00faru<\/a>. Osobne si ju v\u0161ak v&nbsp;\u0160tokholme neprevzal, lebo sa&nbsp;ob\u00e1val, \u017ee&nbsp;by mu neumo\u017enili vr\u00e1ti\u0165 sa&nbsp;do&nbsp;vlasti. <\/p>\n<p>Po tom, ako Sol\u017eenicynovi vy\u0161la v&nbsp;roku 1974 vo&nbsp;Franc\u00fazsku prv\u00e1 \u010das\u0165 rom\u00e1nu <em><strong><a href=\"https:\/\/www.martinus.sk\/?uItem=135309&#038;z=WLGC7F&#038;utm_source=z%3DWLGC7F&#038;utm_medium=url&#038;utm_campaign=partner\" rel=\"noopener\" target=\"_blank\">S\u00faostrovie Gulag<\/a><\/strong><\/em>, v&nbsp;Sovietskom zv\u00e4ze ho ozna\u010dili za&nbsp;zradcu a&nbsp;zbavili ob\u010dianstva. <\/p>\n<p>Po rokoch v&nbsp;exile sa&nbsp;vr\u00e1til do&nbsp;Ruska a\u017e v&nbsp;roku 1994.<\/p>\n<p style=\"text-align: right;\"><small>&mdash;&nbsp;<a href=\"https:\/\/tass.ru\/kultura\/5948143\" target=\"_blank\">TASS<\/a><\/small><\/p>\n<div class=\"gca-utility clearfix\"><\/div>\n<div class=\"gca-utility vertical-spacer\"><\/div>\n<p><center><span class=\"fullscreen\"><script type=\"text\/javascript\" src=\"\/\/partner.mrtns.eu\/banners\/banner.js?type=banner&#038;brand_id=1&#038;uItem=135309&#038;size=full&#038;show_price=0&#038;color=brown&#038;z=WLGC7F\"><\/script><\/span><\/center><\/p>\n","protected":false},"excerpt":{"rendered":"<p>Pri pr\u00edle\u017eitosti 100.&nbsp;v\u00fdro\u010dia narodenia Alexandra Sol\u017eenicyna otvorili v&nbsp;Moskve m\u00fazeum venovan\u00e9 tomuto rusk\u00e9mu spisovate\u013eovi a&nbsp;disidentovi. Novozriaden\u00e9 v\u00fdstavn\u00e9 priestory vznikli v&nbsp;jeho niekdaj\u0161om byte, kde ho za\u010diatkom 70.&nbsp;rokov minul\u00e9ho storo\u010dia sovietsk\u00e1 moc zadr\u017eala. <a href=\"https:\/\/literarnenoviny.sk\/servis\/v-moskve-otvorili-muzeum-venovane-ruskemu-spisovatelovi-alexandrovi-solzenicynovi\/\" class=\"more-link\">Cel\u00e1 spr\u00e1va <span class=\"meta-nav\">&rarr;<\/span><\/a><\/p>\n","protected":false},"author":2,"featured_media":0,"comment_status":"closed","ping_status":"closed","sticky":false,"template":"","format":"standard","meta":{"_links_to":"","_links_to_target":""},"categories":[1],"tags":[3,18,21],"_links":{"self":[{"href":"https:\/\/literarnenoviny.sk\/servis\/wp-json\/wp\/v2\/posts\/4670"}],"collection":[{"href":"https:\/\/literarnenoviny.sk\/servis\/wp-json\/wp\/v2\/posts"}],"about":[{"href":"https:\/\/literarnenoviny.sk\/servis\/wp-json\/wp\/v2\/types\/post"}],"author":[{"embeddable":true,"href":"https:\/\/literarnenoviny.sk\/servis\/wp-json\/wp\/v2\/users\/2"}],"replies":[{"embeddable":true,"href":"https:\/\/literarnenoviny.sk\/servis\/wp-json\/wp\/v2\/comments?post=4670"}],"version-history":[{"count":0,"href":"https:\/\/literarnenoviny.sk\/servis\/wp-json\/wp\/v2\/posts\/4670\/revisions"}],"wp:attachment":[{"href":"https:\/\/literarnenoviny.sk\/servis\/wp-json\/wp\/v2\/media?parent=4670"}],"wp:term":[{"taxonomy":"category","embeddable":true,"href":"https:\/\/literarnenoviny.sk\/servis\/wp-json\/wp\/v2\/categories?post=4670"},{"taxonomy":"post_tag","embeddable":true,"href":"https:\/\/literarnenoviny.sk\/servis\/wp-json\/wp\/v2\/tags?post=4670"}],"curies":[{"name":"wp","href":"https:\/\/api.w.org\/{rel}","templated":true}]}}