{"id":4652,"date":"2018-12-21T09:56:03","date_gmt":"2018-12-21T08:56:03","guid":{"rendered":"https:\/\/literarnenoviny.sk\/servis\/?p=4652"},"modified":"2020-10-15T22:06:38","modified_gmt":"2020-10-15T20:06:38","slug":"vo-veku-81-rokov-zomrel-spisovatel-a-popularizator-slovenskych-dejin-pavel-dvorak","status":"publish","type":"post","link":"https:\/\/literarnenoviny.sk\/servis\/vo-veku-81-rokov-zomrel-spisovatel-a-popularizator-slovenskych-dejin-pavel-dvorak\/","title":{"rendered":"Vo veku 81 rokov zomrel spisovate\u013e a&nbsp; populariz\u00e1tor slovensk\u00fdch dej\u00edn Pavel Dvo\u0159\u00e1k"},"content":{"rendered":"<p><strong>Vo veku 81 rokov zomrel historik, spisovate\u013e a&nbsp;populariz\u00e1tor slovensk\u00fdch dej\u00edn <a href=\"https:\/\/sk.wikipedia.org\/wiki\/Pavel_Dvo\u0159\u00e1k\" rel=\"noopener noreferrer\" target=\"_blank\">Pavel Dvo\u0159\u00e1k<\/a><\/strong>, ktor\u00fd patril k&nbsp;najv\u00fdznamnej\u0161\u00edm autorom formuj\u00facich \u017e\u00e1ner literat\u00fary faktu na&nbsp;Slovensku v&nbsp;oblasti hist\u00f3rie.<\/p>\n<p>Narodil v&nbsp;Prahe v&nbsp;roku 1937, a&nbsp;na&nbsp;Slovensku \u017eil od&nbsp;roku 1939. Vy\u0161tudoval hist\u00f3riu na&nbsp;Filozofickej fakulte Univerzity Komensk\u00e9ho v&nbsp;Bratislave. Svoju liter\u00e1rnu dr\u00e1hu za\u010dal pr\u00f3zami, a\u017e nesk\u00f4r sa&nbsp;venoval publicistike. <\/p>\n<p>Pavel Dvo\u0159\u00e1k nap\u00edsal vy\u0161e 20 kn\u00edh, tis\u00edcky \u010dl\u00e1nkov, scen\u00e1re pre&nbsp;pribli\u017ene 100 telev\u00edznych filmov a&nbsp;nahral zhruba 100 rozhlasov\u00fdch p\u00e1siem venovan\u00fdch hist\u00f3rii.<\/p>\n<p>Zn\u00e1me s\u00fa predov\u0161etk\u00fdm jeho telev\u00edzne cykly s&nbsp;n\u00e1zvom <em><strong>Stopy d\u00e1vnej minulosti<\/strong><\/em> a&nbsp;<em><strong>Putovanie st\u00e1ro\u010diami<\/strong><\/em>, ale aj rozhlasov\u00e1 rel\u00e1cia <em><strong>Pr\u00edbehy z&nbsp;vitr\u00edn<\/strong><\/em>. <\/p>\n<p><center><div class=\"gca-utility vertical-spacer\"><\/div><iframe loading=\"lazy\" src=\"https:\/\/www.facebook.com\/plugins\/post.php?href=https%3A%2F%2Fwww.facebook.com%2FWebnoviny%2Fposts%2F10155897057520978&#038;width=500\" width=\"500\" height=\"491\" style=\"border:none;overflow:hidden\" scrolling=\"no\" frameborder=\"0\" allowTransparency=\"true\" allow=\"encrypted-media\"><\/iframe><div class=\"gca-utility vertical-spacer\"><\/div><\/center><\/p>\n<p>Pavel Dvo\u0159\u00e1k bol zakladate\u013eom <a href=\"https:\/\/vydavatelstvorak.sk\/\" rel=\"noopener noreferrer\" target=\"_blank\">vydavate\u013estva Rak<\/a> a&nbsp;aj prostredn\u00edctvom kn\u00edh sa&nbsp;v\u00fdznamne zasl\u00fa\u017eil o&nbsp;populariz\u00e1ciu dej\u00edn.<\/p>\n<p>Je autorom cyklu <em>Odkryt\u00e9 dejiny<\/em> &#8211; <em><strong>D\u00e1vnovek\u00e9 Slovensko<\/strong> (1974)<\/em>, <em><strong>Star\u00e9 Slovensko<\/strong> (1975)<\/em>, <em><strong>Pravek\u00e1 Bratislava<\/strong> (1978)<\/em> a&nbsp;<em><strong>Prv\u00ed \u013eudia v&nbsp;\u010ceskoslovensku<\/strong> (1980)<\/em>, \u010falej diela <em><strong>Podivn\u00fd bar\u00f3n<\/strong> (1993)<\/em>, <em><strong>Kto zabil Viliama \u017dingora<\/strong> (1994)<\/em>, <em><strong>Zlat\u00e1 kniha Bratislavy<\/strong> (1993 a&nbsp;1995)<\/em>, <em><strong>Krvav\u00e1 gr\u00f3fka<\/strong> (1999)<\/em> \u010di&nbsp;kni\u017en\u00fd cyklus <em><strong>Stopy d\u00e1vnej minulosti<\/strong> (2002 \u2013 2005, 2009, 2013 a&nbsp;2014)<\/em>.<\/p>\n<p>Na kni\u017enom ve\u013etrhu 2002 v&nbsp;Lipsku si Pavel Dvo\u0159\u00e1k prevzal Cenu za&nbsp;najkraj\u0161iu knihu roka 2001, ktor\u00fa ude\u013euje nemeck\u00e1 komisia UNESCO v&nbsp;spolupr\u00e1ci s&nbsp;nad\u00e1ciou Stiftung Buchkunst. Z\u00edskal ju za&nbsp;kroniku anonymn\u00e9ho not\u00e1ra kr\u00e1\u013ea Bela <em><strong>Gesta Hungarorum<\/strong><\/em>, na&nbsp;vydan\u00ed ktorej sa&nbsp;podie\u013eal aj historik Vincent M\u00facska.<\/p>\n<p>V roku 2007 mu udelili cenu ministra kult\u00fary za&nbsp;rok 2006 za&nbsp;v\u00fdnimo\u010dn\u00fd autorsk\u00fd a&nbsp;edi\u010dn\u00fd \u010din \u2013 dielo <em><strong><a href=\"https:\/\/www.martinus.sk\/?uItem=31185&#038;z=WLGC7F&#038;utm_source=z%3DWLGC7F&#038;utm_medium=&#038;utm_campaign=partner\" rel=\"noopener noreferrer\" target=\"_blank\">Prv\u00e1 kniha o&nbsp;Bratislave<\/a><\/strong><\/em>, na&nbsp;ktor\u00fa nadv\u00e4zuj\u00fa \u010fal\u0161ie \u0161tyri publik\u00e1cie.<\/p>\n<p style=\"text-align: right;\"><small>&mdash;&nbsp;<a href=\"https:\/\/www.webnoviny.sk\/vo-veku-81-rokov-zomrel-historik-pavel-dvorak-zasluzil-sa-o-popularizaciu-slovenskych-dejin\/\" target=\"_blank\" rel=\"noopener noreferrer\">Webnoviny<\/a><\/small><\/p>\n<div class=\"gca-utility clearfix\"><\/div>\n<div class=\"gca-utility vertical-spacer\"><\/div>\n<p><center><span class=\"fullscreen\"><script type=\"text\/javascript\" src=\"\/\/partner.mrtns.eu\/banners\/banner.js?type=banner&#038;brand_id=1&#038;uItem=31185&#038;size=full&#038;show_price=0&#038;color=violet&#038;z=WLGC7F\"><\/script><\/span><\/center><\/p>\n","protected":false},"excerpt":{"rendered":"<p>Vo veku 81 rokov zomrel historik, spisovate\u013e a&nbsp;populariz\u00e1tor slovensk\u00fdch dej\u00edn Pavel Dvo\u0159\u00e1k, ktor\u00fd patril k&nbsp;najv\u00fdznamnej\u0161\u00edm autorom formuj\u00facich \u017e\u00e1ner literat\u00fary faktu na&nbsp;Slovensku v&nbsp;oblasti hist\u00f3rie. Nap\u00edsal vy\u0161e 20 kn\u00edh, tis\u00edcky \u010dl\u00e1nkov a&nbsp;stovky telev\u00edzn\u00fdch a&nbsp;rozhlasov\u00fdch scen\u00e1rov.  <a href=\"https:\/\/literarnenoviny.sk\/servis\/vo-veku-81-rokov-zomrel-spisovatel-a-popularizator-slovenskych-dejin-pavel-dvorak\/\" class=\"more-link\">Cel\u00e1 spr\u00e1va <span class=\"meta-nav\">&rarr;<\/span><\/a><\/p>\n","protected":false},"author":2,"featured_media":0,"comment_status":"closed","ping_status":"closed","sticky":false,"template":"","format":"standard","meta":{"_links_to":"","_links_to_target":""},"categories":[1],"tags":[14,3,21,47,35,209],"_links":{"self":[{"href":"https:\/\/literarnenoviny.sk\/servis\/wp-json\/wp\/v2\/posts\/4652"}],"collection":[{"href":"https:\/\/literarnenoviny.sk\/servis\/wp-json\/wp\/v2\/posts"}],"about":[{"href":"https:\/\/literarnenoviny.sk\/servis\/wp-json\/wp\/v2\/types\/post"}],"author":[{"embeddable":true,"href":"https:\/\/literarnenoviny.sk\/servis\/wp-json\/wp\/v2\/users\/2"}],"replies":[{"embeddable":true,"href":"https:\/\/literarnenoviny.sk\/servis\/wp-json\/wp\/v2\/comments?post=4652"}],"version-history":[{"count":0,"href":"https:\/\/literarnenoviny.sk\/servis\/wp-json\/wp\/v2\/posts\/4652\/revisions"}],"wp:attachment":[{"href":"https:\/\/literarnenoviny.sk\/servis\/wp-json\/wp\/v2\/media?parent=4652"}],"wp:term":[{"taxonomy":"category","embeddable":true,"href":"https:\/\/literarnenoviny.sk\/servis\/wp-json\/wp\/v2\/categories?post=4652"},{"taxonomy":"post_tag","embeddable":true,"href":"https:\/\/literarnenoviny.sk\/servis\/wp-json\/wp\/v2\/tags?post=4652"}],"curies":[{"name":"wp","href":"https:\/\/api.w.org\/{rel}","templated":true}]}}