{"id":4570,"date":"2018-12-11T15:45:04","date_gmt":"2018-12-11T14:45:04","guid":{"rendered":"https:\/\/literarnenoviny.sk\/servis\/?p=4570"},"modified":"2018-12-11T23:53:39","modified_gmt":"2018-12-11T22:53:39","slug":"americky-magazin-time-spomina-pri-osobnostiach-roka-2018-aj-jana-kuciaka","status":"publish","type":"post","link":"https:\/\/literarnenoviny.sk\/servis\/americky-magazin-time-spomina-pri-osobnostiach-roka-2018-aj-jana-kuciaka\/","title":{"rendered":"Americk\u00fd magaz\u00edn Time spom\u00edna pri Osobnostiach roka 2018 aj J\u00e1na Kuciaka"},"content":{"rendered":"<p><strong>Americk\u00fd magaz\u00edn <a href=\"http:\/\/time.com\/\" rel=\"noopener\" target=\"_blank\">Time<\/a> spom\u00edna pri <a href=\"http:\/\/time.com\/person-of-the-year-2018-the-guardians\/\" rel=\"noopener\" target=\"_blank\">Osobnostiach kon\u010diaceho sa&nbsp;roka 2018<\/a> aj zavra\u017eden\u00e9ho slovensk\u00e9ho investigat\u00edvneho novin\u00e1ra J\u00e1na Kuciaka<\/strong>.<\/p>\n<p><em>\u201e\u0160tyria novin\u00e1ri boli zavra\u017eden\u00ed v&nbsp;Eur\u00f3pskej \u00fanii od&nbsp;za\u010diatku roka. Vo&nbsp;febru\u00e1ri na\u0161la pol\u00edcia telo investigat\u00edvneho novin\u00e1ra J\u00e1na Kuciaka a&nbsp;jeho sn\u00fabenicu. P\u00e1r 27-ro\u010dn\u00fdch \u013eud\u00ed zastrelili v&nbsp;dome, v&nbsp;ktorom si chceli zalo\u017ei\u0165 svoju rodinu,\u201c<\/em> <a href=\"http:\/\/time.com\/person-of-the-year-2018-the-guardians\/\" rel=\"noopener\" target=\"_blank\">nap\u00edsal Time<\/a>.<\/p>\n<p><center><div class=\"gca-utility vertical-spacer\"><\/div>\n<blockquote class=\"twitter-tweet\" data-lang=\"sk\">\n<p lang=\"en\" dir=\"ltr\">The Guardians\u2014Jamal Khashoggi, the&nbsp;Capital Gazette, Maria Ressa, Wa Lone and Kyaw Soe Oo\u2014are TIME&#39;s&nbsp;Person of the&nbsp;Year 2018 <a href=\"https:\/\/twitter.com\/hashtag\/TIMEPOY?src=hash&amp;ref_src=twsrc%5Etfw\">#TIMEPOY<\/a> <a href=\"https:\/\/t.co\/HvoEaW5oUi\">https:\/\/t.co\/HvoEaW5oUi<\/a> <a href=\"https:\/\/t.co\/9Mr0wBTmvj\">pic.twitter.com\/9Mr0wBTmvj<\/a><\/p>\n<p>&mdash; TIME (@TIME) <a href=\"https:\/\/twitter.com\/TIME\/status\/1072474968078893056?ref_src=twsrc%5Etfw\">11.&nbsp;decembra 2018<\/a><\/p><\/blockquote>\n<p><script async src=\"https:\/\/platform.twitter.com\/widgets.js\" charset=\"utf-8\"><\/script><div class=\"gca-utility vertical-spacer\"><\/div><\/center><\/p>\n<p>Osobnos\u0165ou roka magaz\u00ednu Time sa&nbsp;tento rok stali novin\u00e1ri, ktor\u00ed sa&nbsp;pod\u013ea denn\u00edka postavili za&nbsp;pravdu a&nbsp;presadzovali fakty.<\/p>\n<p>O titul sa&nbsp;del\u00ed <a href=\"https:\/\/literarnenoviny.sk\/servis\/saudska-arabia-priznala-zabitie-novinara-dzamala-chasukdziho-na-ich-konzulate\/\" rel=\"noopener\" target=\"_blank\">zavra\u017eden\u00fd saudskoarabsk\u00fd \u017eurnalista D\u017eamal Ch\u00e1\u0161ukd\u017e\u00ed<\/a>, dvaja v\u00e4znen\u00ed barmsk\u00ed report\u00e9ri pracuj\u00faci pre&nbsp;agent\u00faru Reuters a&nbsp;novin\u00e1ri z&nbsp;americk\u00e9ho denn\u00edka Capital Gazette, v&nbsp;ktor\u00e9ho redakcii tento rok v&nbsp;j\u00fani zabil strelec p\u00e4\u0165 \u013eud\u00ed.<\/p>\n<p>\u010casopis, ktor\u00fd je&nbsp;distribuovan\u00fd po&nbsp;celom svete, ka\u017edoro\u010dne od&nbsp;roku 1927 vol\u00ed osobnosti, ktor\u00e9 v\u00fdrazne ovplyvnili svetov\u00e9 dianie v&nbsp;uplynul\u00fdch 12 mesiacoch. <\/p>\n<p>Tv\u00e1re vybran\u00fdch osobnosti s\u00fa n\u00e1sledne umiestnen\u00e9 na&nbsp;titulnej str\u00e1nke \u010dasopisu.<\/p>\n<p style=\"text-align: right;\"><small>&mdash;&nbsp;<a href=\"http:\/\/time.com\/person-of-the-year-2018-the-guardians\/\" target=\"_blank\">Time<\/a><\/small><\/p>\n<div class=\"gca-utility clearfix\"><\/div>\n<div class=\"gca-utility vertical-spacer\"><\/div>\n<p><center><span class=\"fullscreen\"><script type=\"text\/javascript\" src=\"\/\/partner.mrtns.eu\/banners\/banner.js?type=banner&#038;brand_id=1&#038;uItem=438065&#038;size=full&#038;show_price=0&#038;color=blue&#038;z=WLGC7F\"><\/script><\/span><\/center><\/p>\n","protected":false},"excerpt":{"rendered":"<p>Americk\u00fd magaz\u00edn Time spom\u00edna pri Osobnostiach kon\u010diaceho sa&nbsp;roka 2018 aj zavra\u017eden\u00e9ho slovensk\u00e9ho investigat\u00edvneho novin\u00e1ra J\u00e1na Kuciaka. \u010casopis, ktor\u00fd je&nbsp;distribuovan\u00fd po&nbsp;celom svete, ka\u017edoro\u010dne od&nbsp;roku 1927 vol\u00ed osobnosti, ktor\u00e9 v\u00fdrazne ovplyvnili svetov\u00e9 dianie v&nbsp;uplynul\u00fdch 12 mesiacoch.<br \/>\n <a href=\"https:\/\/literarnenoviny.sk\/servis\/americky-magazin-time-spomina-pri-osobnostiach-roka-2018-aj-jana-kuciaka\/\" class=\"more-link\">Cel\u00e1 spr\u00e1va <span class=\"meta-nav\">&rarr;<\/span><\/a><\/p>\n","protected":false},"author":2,"featured_media":0,"comment_status":"closed","ping_status":"closed","sticky":false,"template":"","format":"standard","meta":{"_links_to":"","_links_to_target":""},"categories":[1],"tags":[3,21,27],"_links":{"self":[{"href":"https:\/\/literarnenoviny.sk\/servis\/wp-json\/wp\/v2\/posts\/4570"}],"collection":[{"href":"https:\/\/literarnenoviny.sk\/servis\/wp-json\/wp\/v2\/posts"}],"about":[{"href":"https:\/\/literarnenoviny.sk\/servis\/wp-json\/wp\/v2\/types\/post"}],"author":[{"embeddable":true,"href":"https:\/\/literarnenoviny.sk\/servis\/wp-json\/wp\/v2\/users\/2"}],"replies":[{"embeddable":true,"href":"https:\/\/literarnenoviny.sk\/servis\/wp-json\/wp\/v2\/comments?post=4570"}],"version-history":[{"count":0,"href":"https:\/\/literarnenoviny.sk\/servis\/wp-json\/wp\/v2\/posts\/4570\/revisions"}],"wp:attachment":[{"href":"https:\/\/literarnenoviny.sk\/servis\/wp-json\/wp\/v2\/media?parent=4570"}],"wp:term":[{"taxonomy":"category","embeddable":true,"href":"https:\/\/literarnenoviny.sk\/servis\/wp-json\/wp\/v2\/categories?post=4570"},{"taxonomy":"post_tag","embeddable":true,"href":"https:\/\/literarnenoviny.sk\/servis\/wp-json\/wp\/v2\/tags?post=4570"}],"curies":[{"name":"wp","href":"https:\/\/api.w.org\/{rel}","templated":true}]}}