{"id":4442,"date":"2018-11-17T18:30:09","date_gmt":"2018-11-17T17:30:09","guid":{"rendered":"https:\/\/literarnenoviny.sk\/servis\/?p=4442"},"modified":"2018-11-17T22:17:59","modified_gmt":"2018-11-17T21:17:59","slug":"ocenenie-biela-vranu-udelili-janovi-kuciakovi-a-skupine-investigativnych-novinarov","status":"publish","type":"post","link":"https:\/\/literarnenoviny.sk\/servis\/ocenenie-biela-vranu-udelili-janovi-kuciakovi-a-skupine-investigativnych-novinarov\/","title":{"rendered":"Ocenenie Biela vrana udelili J\u00e1novi Kuciakovi a&nbsp;skupine investigat\u00edvnych novin\u00e1rov"},"content":{"rendered":"<p><strong><a href=\"http:\/\/www.fair-play.sk\/\" rel=\"noopener\" target=\"_blank\">Aliancia Fair-play<\/a> a&nbsp;<a href=\"https:\/\/viaiuris.sk\/\" rel=\"noopener\" target=\"_blank\">Via Iuris<\/a> udelili tento rok jedin\u00fa, kolekt\u00edvnu cenu <a href=\"http:\/\/bielavrana.sk\/oceneni\/2018.html\">Biela vrana<\/a>. Z\u00edskali ju <a href=\"https:\/\/sk.wikipedia.org\/wiki\/J\u00e1n_Kuciak\" rel=\"noopener\" target=\"_blank\">J\u00e1n Kuciak<\/a> a&nbsp;skupina investigat\u00edvnych novin\u00e1rov<\/strong>, ktor\u00ed \u010delili extr\u00e9mnemu ohrozeniu.<\/p>\n<p>Medzi ocenen\u00fdmi s\u00fa slovensk\u00ed novin\u00e1ri X\u00e9nia Makarov\u00e1, Zuzana Petkov\u00e1, Monika T\u00f3dov\u00e1, Marek Vagovi\u010d, Adam Val\u010dek a&nbsp;Pavla Holcov\u00e1 z&nbsp;<a href=\"https:\/\/www.investigace.cz\/\" rel=\"noopener\" target=\"_blank\">\u010cesk\u00e9ho centra pre&nbsp;investigat\u00edvnu \u017eurnalistiku<\/a>, ktor\u00e1 s&nbsp;J\u00e1nom Kuciakom spolupracovala na&nbsp;\u010dl\u00e1nku o&nbsp;talianskej mafii na&nbsp;Slovensku.<\/p>\n<p><center><div class=\"gca-utility vertical-spacer\"><\/div><iframe loading=\"lazy\" src=\"https:\/\/www.facebook.com\/plugins\/post.php?href=https%3A%2F%2Fwww.facebook.com%2FBielavrana%2Fposts%2F1994678793911635&#038;width=500\" width=\"500\" height=\"510\" style=\"border:none;overflow:hidden\" scrolling=\"no\" frameborder=\"0\" allowTransparency=\"true\" allow=\"encrypted-media\"><\/iframe><div class=\"gca-utility vertical-spacer\"><\/div><\/center><\/p>\n<p>\u0160peci\u00e1lne po\u010fakovanie Rady Bielej vrany si odniesli organiz\u00e1tori protestov z&nbsp;iniciat\u00edvy <strong><a href=\"https:\/\/zaslusneslovensko.sk\/\" rel=\"noopener\" target=\"_blank\">Za slu\u0161n\u00e9 Slovensko<\/a><\/strong>.<\/p>\n<p>Biela vrana je&nbsp;ocenen\u00edm spolo\u010densky pr\u00ednosn\u00e9ho a&nbsp;odv\u00e1\u017eneho ob\u010dianskeho \u010dinu.<\/p>\n<p>Riadite\u013eka Aliancie Fair-play Zuzana Wienk hovor\u00ed, \u017ee&nbsp;po&nbsp;vra\u017ede Kuciaka a&nbsp;Martiny Ku\u0161n\u00edrovej prenikli na&nbsp;verejnos\u0165 inform\u00e1cie, \u017ee&nbsp;vyhr\u00e1\u017eky na&nbsp;adresu novin\u00e1rov s\u00fa \u010dastej\u0161ie, ako sa&nbsp;doteraz zdalo. Pr\u00e1ve preto sa&nbsp;rozhodli tento rok udeli\u0165 ocenenia len novin\u00e1rom.<\/p>\n<p><em>\u201eBiela vrana pre&nbsp;novin\u00e1rov je&nbsp;tak prejavom na\u0161ej v\u010fa\u010dnosti a&nbsp;\u00facty a&nbsp;z\u00e1rove\u0148 aj pouk\u00e1zan\u00edm na&nbsp;nezastupite\u013en\u00fa hodnotu novin\u00e1rskej profesie pre&nbsp;spolo\u010dnos\u0165 najm\u00e4 v&nbsp;zlomov\u00fdch okamihoch, ale aj upozornen\u00edm na&nbsp;to, \u010domu v\u0161etk\u00e9mu museli novin\u00e1ri tento rok \u010deli\u0165,\u201c<\/em> uviedol v\u00fdkonn\u00fd riadite\u013e Via Iuris Milan \u0160ag\u00e1t<\/p>\n<p>So\u0161ky bielych vr\u00e1n pre&nbsp;laure\u00e1tov u\u017e&nbsp;tradi\u010dne vytvoril v\u00fdtvarn\u00edk Fero Guldan.<\/p>\n<p style=\"text-align: right;\"><small>&mdash;&nbsp;<a href=\"https:\/\/viaiuris.sk\/aktuality\/biele-vrany-2018-in-memoriam-jan-kuciak-a-novinari-ktori-celili-hrozbe-straty-zivota\/\" target=\"_blank\">Via Iuris<\/a><\/small><\/p>\n<div class=\"gca-utility clearfix\"><\/div>\n<div class=\"gca-utility vertical-spacer\"><\/div>\n<p><center><span class=\"fullscreen\"><a href=\"\/\/www.martinus.sk\/?z=WLGC7F&#038;utm_source=z%3DWLGC7F&#038;utm_medium=banner1_468x60&#038;utm_campaign=partner\"><img decoding=\"async\" src=\"\/\/www.martinus.sk\/images\/banners\/468x60.jpg\" alt=\"www.martinus.sk\" \/><\/a><\/span><\/center><\/p>\n","protected":false},"excerpt":{"rendered":"<p>Aliancia Fair-play a&nbsp;Via Iuris udelili tento rok jedin\u00fa, kolekt\u00edvnu Bielu vranu. Z\u00edskali ju J\u00e1n Kuciak a&nbsp;skupina investigat\u00edvnych novin\u00e1rov<\/strong>, ktor\u00ed \u010delili extr\u00e9mnemu ohrozeniu. \u0160peci\u00e1lne po\u010fakovanie Rady Bielej vrany si odniesli organiz\u00e1tori protestov z&nbsp;iniciat\u00edvy Za&nbsp;slu\u0161n\u00e9 Slovensko. <a href=\"https:\/\/literarnenoviny.sk\/servis\/ocenenie-biela-vranu-udelili-janovi-kuciakovi-a-skupine-investigativnych-novinarov\/\" class=\"more-link\">Cel\u00e1 spr\u00e1va <span class=\"meta-nav\">&rarr;<\/span><\/a><\/p>\n","protected":false},"author":2,"featured_media":0,"comment_status":"closed","ping_status":"closed","sticky":false,"template":"","format":"standard","meta":{"_links_to":"","_links_to_target":""},"categories":[1],"tags":[33,21,27],"_links":{"self":[{"href":"https:\/\/literarnenoviny.sk\/servis\/wp-json\/wp\/v2\/posts\/4442"}],"collection":[{"href":"https:\/\/literarnenoviny.sk\/servis\/wp-json\/wp\/v2\/posts"}],"about":[{"href":"https:\/\/literarnenoviny.sk\/servis\/wp-json\/wp\/v2\/types\/post"}],"author":[{"embeddable":true,"href":"https:\/\/literarnenoviny.sk\/servis\/wp-json\/wp\/v2\/users\/2"}],"replies":[{"embeddable":true,"href":"https:\/\/literarnenoviny.sk\/servis\/wp-json\/wp\/v2\/comments?post=4442"}],"version-history":[{"count":0,"href":"https:\/\/literarnenoviny.sk\/servis\/wp-json\/wp\/v2\/posts\/4442\/revisions"}],"wp:attachment":[{"href":"https:\/\/literarnenoviny.sk\/servis\/wp-json\/wp\/v2\/media?parent=4442"}],"wp:term":[{"taxonomy":"category","embeddable":true,"href":"https:\/\/literarnenoviny.sk\/servis\/wp-json\/wp\/v2\/categories?post=4442"},{"taxonomy":"post_tag","embeddable":true,"href":"https:\/\/literarnenoviny.sk\/servis\/wp-json\/wp\/v2\/tags?post=4442"}],"curies":[{"name":"wp","href":"https:\/\/api.w.org\/{rel}","templated":true}]}}