{"id":4403,"date":"2018-11-16T18:22:34","date_gmt":"2018-11-16T17:22:34","guid":{"rendered":"https:\/\/literarnenoviny.sk\/servis\/?p=4403"},"modified":"2018-11-17T12:51:48","modified_gmt":"2018-11-17T11:51:48","slug":"na-bratislavskom-mitingu-bol-aj-autor-bestselleru-predcitac-bernhard-schlink","status":"publish","type":"post","link":"https:\/\/literarnenoviny.sk\/servis\/na-bratislavskom-mitingu-bol-aj-autor-bestselleru-predcitac-bernhard-schlink\/","title":{"rendered":"Na bratislavskom m\u00edtingu bol aj autor bestselleru Pred\u010d\u00edta\u010d Bernhard Schlink"},"content":{"rendered":"<p><strong>Na protivl\u00e1dnom protestnom m\u00edtingu <em><a href=\"https:\/\/www.facebook.com\/events\/1058306647672452\/\" rel=\"noopener\" target=\"_blank\">Za slu\u0161n\u00e9 Slovensko<\/a><\/em> v&nbsp;Bratislave sa&nbsp;z\u00fa\u010dastnil aj autor svetov\u00e9ho bestselleru <em><a href=\"https:\/\/www.martinus.sk\/?uItem=151695&#038;z=WLGC7F&#038;utm_source=z%3DWLGC7F&#038;utm_medium=url&#038;utm_campaign=partner\" rel=\"noopener\" target=\"_blank\">Pred\u010d\u00edta\u010d<\/a><\/strong> (Der Vorleser, 1995)<\/em> <strong><a href=\"https:\/\/cs.wikipedia.org\/wiki\/Bernhard_Schlink\" rel=\"noopener\" target=\"_blank\">Bernhard Schlink<\/a><\/strong>. <\/p>\n<p><em>\u201ePrekvapilo ma to, ale je&nbsp;skvel\u00e9, \u017ee&nbsp;toto hnutie, ktor\u00e9 od\u0161tartovala smr\u0165 investigat\u00edvneho novin\u00e1ra, \u017eije e\u0161te aj dnes,\u201c<\/em> povedal pre&nbsp;<a href=\"https:\/\/dennikn.sk\/minuta\/1297964\/\" rel=\"noopener\" target=\"_blank\">Denn\u00edk N<\/a> nemeck\u00fd pr\u00e1vnik a&nbsp;spisovate\u013e, ktor\u00fd pri\u0161iel do&nbsp;slovenskej metropoly na&nbsp;<a href=\"http:\/\/ceeforum.eu\/?y=2018\" rel=\"noopener\" target=\"_blank\">Stredoeur\u00f3pske f\u00f3rum<\/a>.<\/p>\n<p>Na Slovensku je&nbsp;druh\u00fdkr\u00e1t v&nbsp;\u017eivote. Prv\u00fdkr\u00e1t tu bol na&nbsp;rovnakej udalosti pred dvoma rokmi.<\/p>\n<p><em>\u201eDnes som bol aj na&nbsp;bilingv\u00e1lnom gymn\u00e1ziu, kde som hovoril so&nbsp;\u0161tudentmi, a&nbsp;zdalo sa, \u017ee&nbsp;maj\u00fa viac n\u00e1deje ne\u017e predt\u00fdm. Mlad\u00ed \u013eudia c\u00edtia, \u017ee&nbsp;sa&nbsp;\u010dosi men\u00ed, a&nbsp;chc\u00fa by\u0165 pri tom.\u201c<\/em><\/p>\n<p><em>\u201eProtesty ukazuj\u00fa, \u017ee&nbsp;sa&nbsp;deje nie\u010do o\u010dividne zl\u00e9 a&nbsp;\u017ee&nbsp;\u013eudia sa&nbsp;tomu postavili, \u010do&nbsp;je&nbsp;ve\u013emi dobr\u00fd sign\u00e1l,\u201c<\/em> povedal Schlink.<\/p>\n<p><center><div class=\"gca-utility vertical-spacer\"><\/div><iframe loading=\"lazy\" width=\"560\" height=\"315\" src=\"https:\/\/www.youtube.com\/embed\/jugSOwPLZCQ?start=6\" frameborder=\"0\" allow=\"accelerometer; autoplay; encrypted-media; gyroscope; picture-in-picture\" allowfullscreen><\/iframe><div class=\"gca-utility vertical-spacer\"><\/div><\/center><\/p>\n<p>Pod\u013ea Schlinkovho rom\u00e1nu <em><a href=\"https:\/\/www.martinus.sk\/?uItem=151695&#038;z=WLGC7F&#038;utm_source=z%3DWLGC7F&#038;utm_medium=url&#038;utm_campaign=partner\" rel=\"noopener\" target=\"_blank\">Pred\u010d\u00edta\u010d<\/a><\/em>, ktor\u00fd bol prelo\u017een\u00fd do&nbsp;viac ako p\u00e4\u0165desiatich jazykov, nakr\u00fatil v&nbsp;roku 2008 re\u017eis\u00e9r <a href=\"https:\/\/en.wikipedia.org\/wiki\/Stephen_Daldry\" rel=\"noopener\" target=\"_blank\">Stephen Daldry<\/a> aj \u00faspe\u0161n\u00fd celove\u010dern\u00fd film s&nbsp;Kate Winsletovou v&nbsp;hlavnej \u00falohe. <\/p>\n<p style=\"text-align: right;\"><small>&mdash;&nbsp;<a href=\"https:\/\/dennikn.sk\/minuta\/1297964\/\" target=\"_blank\">Denn\u00edk N<\/a><\/small><\/p>\n<div class=\"gca-utility clearfix\"><\/div>\n<div class=\"gca-utility vertical-spacer\"><\/div>\n<p><center><span class=\"fullscreen\"><script type=\"text\/javascript\" src=\"\/\/partner.mrtns.eu\/banners\/banner.js?type=banner&#038;brand_id=1&#038;uItem=151695&#038;size=full&#038;show_price=0&#038;color=orange&#038;z=WLGC7F\"><\/script><\/span><\/center><\/p>\n","protected":false},"excerpt":{"rendered":"<p>Na protivl\u00e1dnom protestnom m\u00edtingu Za&nbsp;slu\u0161n\u00e9 Slovensko v&nbsp;Bratislave sa&nbsp;z\u00fa\u010dastnil aj autor svetov\u00e9ho bestselleru Pred\u010d\u00edta\u010d Bernhard Schlink. Nemeck\u00fd pr\u00e1vnik a&nbsp;spisovate\u013e pri\u0161iel do&nbsp;slovenskej metropoly na&nbsp;Stredoeur\u00f3pske f\u00f3rum. Na&nbsp;rovnakej udalosti tu bol aj pred dvoma rokmi. <a href=\"https:\/\/literarnenoviny.sk\/servis\/na-bratislavskom-mitingu-bol-aj-autor-bestselleru-predcitac-bernhard-schlink\/\" class=\"more-link\">Cel\u00e1 spr\u00e1va <span class=\"meta-nav\">&rarr;<\/span><\/a><\/p>\n","protected":false},"author":2,"featured_media":0,"comment_status":"closed","ping_status":"closed","sticky":false,"template":"","format":"standard","meta":{"_links_to":"","_links_to_target":""},"categories":[1],"tags":[14,4,23],"_links":{"self":[{"href":"https:\/\/literarnenoviny.sk\/servis\/wp-json\/wp\/v2\/posts\/4403"}],"collection":[{"href":"https:\/\/literarnenoviny.sk\/servis\/wp-json\/wp\/v2\/posts"}],"about":[{"href":"https:\/\/literarnenoviny.sk\/servis\/wp-json\/wp\/v2\/types\/post"}],"author":[{"embeddable":true,"href":"https:\/\/literarnenoviny.sk\/servis\/wp-json\/wp\/v2\/users\/2"}],"replies":[{"embeddable":true,"href":"https:\/\/literarnenoviny.sk\/servis\/wp-json\/wp\/v2\/comments?post=4403"}],"version-history":[{"count":0,"href":"https:\/\/literarnenoviny.sk\/servis\/wp-json\/wp\/v2\/posts\/4403\/revisions"}],"wp:attachment":[{"href":"https:\/\/literarnenoviny.sk\/servis\/wp-json\/wp\/v2\/media?parent=4403"}],"wp:term":[{"taxonomy":"category","embeddable":true,"href":"https:\/\/literarnenoviny.sk\/servis\/wp-json\/wp\/v2\/categories?post=4403"},{"taxonomy":"post_tag","embeddable":true,"href":"https:\/\/literarnenoviny.sk\/servis\/wp-json\/wp\/v2\/tags?post=4403"}],"curies":[{"name":"wp","href":"https:\/\/api.w.org\/{rel}","templated":true}]}}