{"id":4377,"date":"2018-11-10T23:30:16","date_gmt":"2018-11-10T22:30:16","guid":{"rendered":"https:\/\/literarnenoviny.sk\/servis\/?p=4377"},"modified":"2020-10-15T22:06:39","modified_gmt":"2020-10-15T20:06:39","slug":"vo-veku-nedozitych-65-rokov-zomrel-znamy-slovensky-herec-marian-geisberg","status":"publish","type":"post","link":"https:\/\/literarnenoviny.sk\/servis\/vo-veku-nedozitych-65-rokov-zomrel-znamy-slovensky-herec-marian-geisberg\/","title":{"rendered":"Vo veku nedo\u017eit\u00fdch 65 rokov zomrel zn\u00e1my slovensk\u00fd herec Mari\u00e1n Gei\u0161berg"},"content":{"rendered":"<p><strong>Vo veku nedo\u017eit\u00fdch 65 rokov zomrel v&nbsp;sobotu podve\u010der zn\u00e1my slovensk\u00fd herec <a href=\"https:\/\/sk.wikipedia.org\/wiki\/Mari\u00e1n_Gei\u0161berg\" rel=\"noopener noreferrer\" target=\"_blank\">Mari\u00e1n Gei\u0161berg<\/a><\/strong>. Spr\u00e1vu priniesla Tla\u010dov\u00e1 agent\u00fara Slovenskej republiky.<\/p>\n<p><center><div class=\"gca-utility vertical-spacer\"><\/div>\n<blockquote class=\"twitter-tweet\" data-lang=\"sk\">\n<p lang=\"und\" dir=\"ltr\">Pr\u00edbehy kon\u010dia, legendy o\u017e\u00edvaj\u00fa &#8230; odpo\u010d\u00edvajte v&nbsp;pokoji p\u00e1n Gei\u0161berg ? <a href=\"https:\/\/t.co\/MZv4zY1V6n\">https:\/\/t.co\/MZv4zY1V6n<\/a><\/p>\n<p>&mdash; Kristian Dufinec (@dufinec) <a href=\"https:\/\/twitter.com\/dufinec\/status\/1061392957746671617?ref_src=twsrc%5Etfw\">10.&nbsp;novembra 2018<\/a><\/p><\/blockquote>\n<p><script async src=\"https:\/\/platform.twitter.com\/widgets.js\" charset=\"utf-8\"><\/script><\/p>\n<p style=\"text-align: right;\"><small>&mdash;&nbsp;<!a href=\"---\" target=\"_blank\">TASR<\/a><\/small><\/p>\n<div class=\"gca-utility vertical-spacer\"><\/div><\/center><\/p>\n<p>Mari\u00e1n Gei\u0161berg sa&nbsp;narodil v&nbsp;Pie\u0161\u0165anoch 23.&nbsp;decembra 1953 a&nbsp;vyrastal na&nbsp;Myjave. Po&nbsp;ukon\u010den\u00ed \u0161t\u00fadia herectva na&nbsp;Vysokej \u0161kole m\u00fazick\u00fdch umen\u00ed v&nbsp;Bratislave v&nbsp;roku 1979 najsk\u00f4r p\u00f4sobil v&nbsp;Divadle Jon\u00e1\u0161a Z\u00e1borsk\u00e9ho v&nbsp;Pre\u0161ove, potom v&nbsp;Divadle SNP v&nbsp;Martine a&nbsp;od&nbsp;roku 1988 hral v&nbsp;trnavskom Divadle pre&nbsp;deti a&nbsp;ml\u00e1de\u017e. <\/p>\n<p>Od roku 1992 bol \u010dlenom \u010cinohry Slovensk\u00e9ho n\u00e1rodn\u00e9ho divadla.<\/p>\n<div class=\"gca-utility clearfix\"><\/div>\n<div class=\"gca-utility vertical-spacer\"><\/div>\n<p><center><span class=\"fullscreen\"><a href=\"\/\/www.martinus.sk\/?z=WLGC7F&#038;utm_source=z%3DWLGC7F&#038;utm_medium=banner1_468x60&#038;utm_campaign=partner\"><img decoding=\"async\" src=\"\/\/www.martinus.sk\/images\/banners\/468x60.jpg\" alt=\"www.martinus.sk\" \/><\/a><\/span><\/center><\/p>\n","protected":false},"excerpt":{"rendered":"<p>Vo veku nedo\u017eit\u00fdch 65 rokov zomrel v&nbsp;sobotu podve\u010der zn\u00e1my slovensk\u00fd herec Mari\u00e1n Gei\u0161berg<\/strong>. Spr\u00e1vu priniesla Tla\u010dov\u00e1 agent\u00fara Slovenskej republiky. <a href=\"https:\/\/literarnenoviny.sk\/servis\/vo-veku-nedozitych-65-rokov-zomrel-znamy-slovensky-herec-marian-geisberg\/\" class=\"more-link\">Cel\u00e1 spr\u00e1va <span class=\"meta-nav\">&rarr;<\/span><\/a><\/p>\n","protected":false},"author":2,"featured_media":0,"comment_status":"closed","ping_status":"closed","sticky":false,"template":"","format":"standard","meta":{"_links_to":"","_links_to_target":""},"categories":[1],"tags":[2,16,60,3,209],"_links":{"self":[{"href":"https:\/\/literarnenoviny.sk\/servis\/wp-json\/wp\/v2\/posts\/4377"}],"collection":[{"href":"https:\/\/literarnenoviny.sk\/servis\/wp-json\/wp\/v2\/posts"}],"about":[{"href":"https:\/\/literarnenoviny.sk\/servis\/wp-json\/wp\/v2\/types\/post"}],"author":[{"embeddable":true,"href":"https:\/\/literarnenoviny.sk\/servis\/wp-json\/wp\/v2\/users\/2"}],"replies":[{"embeddable":true,"href":"https:\/\/literarnenoviny.sk\/servis\/wp-json\/wp\/v2\/comments?post=4377"}],"version-history":[{"count":0,"href":"https:\/\/literarnenoviny.sk\/servis\/wp-json\/wp\/v2\/posts\/4377\/revisions"}],"wp:attachment":[{"href":"https:\/\/literarnenoviny.sk\/servis\/wp-json\/wp\/v2\/media?parent=4377"}],"wp:term":[{"taxonomy":"category","embeddable":true,"href":"https:\/\/literarnenoviny.sk\/servis\/wp-json\/wp\/v2\/categories?post=4377"},{"taxonomy":"post_tag","embeddable":true,"href":"https:\/\/literarnenoviny.sk\/servis\/wp-json\/wp\/v2\/tags?post=4377"}],"curies":[{"name":"wp","href":"https:\/\/api.w.org\/{rel}","templated":true}]}}