{"id":4359,"date":"2018-11-08T11:15:22","date_gmt":"2018-11-08T10:15:22","guid":{"rendered":"https:\/\/literarnenoviny.sk\/servis\/?p=4359"},"modified":"2018-11-08T22:57:02","modified_gmt":"2018-11-08T21:57:02","slug":"v-bratislavskej-inchebe-sa-zacal-medzinarodny-knizny-veltrh-biblioteka-2018","status":"publish","type":"post","link":"https:\/\/literarnenoviny.sk\/servis\/v-bratislavskej-inchebe-sa-zacal-medzinarodny-knizny-veltrh-biblioteka-2018\/","title":{"rendered":"V bratislavskej Inchebe sa&nbsp;za\u010dal medzin\u00e1rodn\u00fd kni\u017en\u00fd ve\u013etrh Bibliot\u00e9ka 2018"},"content":{"rendered":"<p><strong>V bratislavskej Inchebe otvorili vo&nbsp;\u0161tvrtok dopoludnia 26.&nbsp;medzin\u00e1rodn\u00fd kni\u017en\u00fd ve\u013etrh Bibliot\u00e9ka 2018<\/strong>. Po\u010das \u0161tyroch dn\u00ed do&nbsp;nedele 11.&nbsp;novembra sa&nbsp;m\u00f4\u017eu n\u00e1v\u0161tevn\u00edci zozn\u00e1mi\u0165 s&nbsp;tis\u00edckami kni\u017en\u00fdch titulov v\u0161etk\u00fdch \u017e\u00e1nrov. <\/p>\n<p>Na ploche 10-tis\u00edc \u0161tvorcov\u00fdch metrov sa&nbsp;celkovo predstav\u00ed 200 vystavovate\u013eov z&nbsp;\u010ceska, Ma\u010farska, Po\u013eska, Rumunska, Ruska a&nbsp;Slovenska.<\/p>\n<p>Na ve\u013etrhu si pr\u00eddu na&nbsp;svoje fan\u00fa\u0161ikovia literat\u00fary faktu, sci-fi, \u017eensk\u00fdch rom\u00e1nov, detekt\u00edvok, poviedok, detsk\u00fdch kn\u00edh, cudzojazy\u010dnej literat\u00fary i&nbsp;po\u00e9zie.<\/p>\n<p>Te\u0161i\u0165 sa&nbsp;m\u00f4\u017eu na&nbsp;stretnutia s&nbsp;autormi, autogrami\u00e1dy, krsty kn\u00edh, dramatizovan\u00e9 \u010d\u00edtania, besedy \u010di&nbsp;tvoriv\u00e9 dielne pre&nbsp;deti. <\/p>\n<p>Po\u010das sl\u00e1vnostn\u00e9ho otvorenia kni\u017en\u00e9ho ve\u013etrhu odovzdali aj tradi\u010dn\u00fa Cenu Bibliot\u00e9ky. Tento rok sa&nbsp;odborn\u00e1 porota rozhodla oceni\u0165 dve autorky: Veroniku Diani\u0161kov\u00fa za&nbsp;knihu b\u00e1sn\u00ed <em><strong>Spr\u00e1vy z&nbsp;nedomovov<\/strong><\/em> a&nbsp;Michaelu Zaku\u0165ansk\u00fa za&nbsp;knihu tragikom\u00e9di\u00ed <em><strong>Pre\u0161ovsk\u00e1 tril\u00f3gia<\/strong><\/em>.<\/p>\n<p>Cena Bibliot\u00e9ky je&nbsp;od&nbsp;roku 2007 ude\u013eovan\u00e1 za&nbsp;najlep\u0161ie slovensk\u00e9 kni\u017en\u00e9 dielo <em>(pr\u00f3za, po\u00e9zia a&nbsp;tvorba pre&nbsp;deti a&nbsp;ml\u00e1de\u017e)<\/em> \u017eenskej autorky vydan\u00e9 v&nbsp;predch\u00e1dzaj\u00facom roku<\/p>\n<p style=\"text-align: right;\"><small>&mdash;&nbsp;<a href=\"---\" target=\"_blank\"> <\/a><\/small><\/p>\n<div class=\"gca-utility clearfix\"><\/div>\n<div class=\"gca-utility vertical-spacer\"><\/div>\n<p><center><span class=\"fullscreen\"><a href=\"\/\/www.martinus.sk\/?z=WLGC7F&#038;utm_source=z%3DWLGC7F&#038;utm_medium=banner1_468x60&#038;utm_campaign=partner\"><img decoding=\"async\" src=\"\/\/www.martinus.sk\/images\/banners\/468x60.jpg\" alt=\"www.martinus.sk\" \/><\/a><\/span><\/center><\/p>\n","protected":false},"excerpt":{"rendered":"<p>V bratislavskej Inchebe otvorili vo&nbsp;\u0161tvrtok dopoludnia 26.&nbsp;medzin\u00e1rodn\u00fd kni\u017en\u00fd ve\u013etrh Bibliot\u00e9ka 2018. Po\u010das \u0161tyroch dn\u00ed do&nbsp;nedele 11.&nbsp;novembra sa&nbsp;m\u00f4\u017eu n\u00e1v\u0161tevn\u00edci zozn\u00e1mi\u0165 s&nbsp;tis\u00edckami kni\u017en\u00fdch titulov v\u0161etk\u00fdch \u017e\u00e1nrov. Na&nbsp;ploche 10-tis\u00edc \u0161tvorcov\u00fdch metrov sa&nbsp;celkovo predstav\u00ed 200 vystavovate\u013eov z&nbsp;\u010ceska, Ma\u010farska, Po\u013eska, Rumunska, Ruska a&nbsp;Slovenska. <a href=\"https:\/\/literarnenoviny.sk\/servis\/v-bratislavskej-inchebe-sa-zacal-medzinarodny-knizny-veltrh-biblioteka-2018\/\" class=\"more-link\">Cel\u00e1 spr\u00e1va <span class=\"meta-nav\">&rarr;<\/span><\/a><\/p>\n","protected":false},"author":2,"featured_media":0,"comment_status":"closed","ping_status":"closed","sticky":false,"template":"","format":"standard","meta":{"_links_to":"","_links_to_target":""},"categories":[1],"tags":[14,8,100],"_links":{"self":[{"href":"https:\/\/literarnenoviny.sk\/servis\/wp-json\/wp\/v2\/posts\/4359"}],"collection":[{"href":"https:\/\/literarnenoviny.sk\/servis\/wp-json\/wp\/v2\/posts"}],"about":[{"href":"https:\/\/literarnenoviny.sk\/servis\/wp-json\/wp\/v2\/types\/post"}],"author":[{"embeddable":true,"href":"https:\/\/literarnenoviny.sk\/servis\/wp-json\/wp\/v2\/users\/2"}],"replies":[{"embeddable":true,"href":"https:\/\/literarnenoviny.sk\/servis\/wp-json\/wp\/v2\/comments?post=4359"}],"version-history":[{"count":0,"href":"https:\/\/literarnenoviny.sk\/servis\/wp-json\/wp\/v2\/posts\/4359\/revisions"}],"wp:attachment":[{"href":"https:\/\/literarnenoviny.sk\/servis\/wp-json\/wp\/v2\/media?parent=4359"}],"wp:term":[{"taxonomy":"category","embeddable":true,"href":"https:\/\/literarnenoviny.sk\/servis\/wp-json\/wp\/v2\/categories?post=4359"},{"taxonomy":"post_tag","embeddable":true,"href":"https:\/\/literarnenoviny.sk\/servis\/wp-json\/wp\/v2\/tags?post=4359"}],"curies":[{"name":"wp","href":"https:\/\/api.w.org\/{rel}","templated":true}]}}