{"id":4354,"date":"2018-11-07T18:40:41","date_gmt":"2018-11-07T17:40:41","guid":{"rendered":"https:\/\/literarnenoviny.sk\/servis\/?p=4354"},"modified":"2018-11-07T18:58:09","modified_gmt":"2018-11-07T17:58:09","slug":"svedsku-akademiu-udelujucu-nobelovu-cenu-za-literaturu-opustila-dalsia-clenka","status":"publish","type":"post","link":"https:\/\/literarnenoviny.sk\/servis\/svedsku-akademiu-udelujucu-nobelovu-cenu-za-literaturu-opustila-dalsia-clenka\/","title":{"rendered":"\u0160v\u00e9dsku akad\u00e9miu ude\u013euj\u00facu Nobelovu cenu za&nbsp;literat\u00faru opustila \u010fal\u0161ia \u010dlenka"},"content":{"rendered":"<p><strong>\u010clenstva vo&nbsp;\u0160v\u00e9dskej akad\u00e9mii ude\u013euj\u00facej <a href=\"https:\/\/sk.wikipedia.org\/wiki\/Zoznam_nosite\u013eov_Nobelovej_ceny_za_literat\u00faru\" rel=\"noopener\" target=\"_blank\">Nobelovu cenu za&nbsp;literat\u00faru<\/a> sa&nbsp;najnov\u0161ie vzdala aj \u0161v\u00e9dska teologi\u010dka a&nbsp;spisovate\u013eka Jayne Svenungssonov\u00e1<\/strong>. Poves\u0165 akad\u00e9mie v&nbsp;poslednom \u010dase poznamenal \u0161kand\u00e1l s\u00favisiaci s&nbsp;pohlavn\u00fdm zneu\u017e\u00edvan\u00edm a&nbsp;finan\u010dn\u00fdmi deliktmi.<\/p>\n<p>\u0160v\u00e9dska telev\u00edzia SVT&nbsp;uviedla, \u017ee&nbsp;Jayne Svenungssonov\u00e1 je&nbsp;v&nbsp;porad\u00ed u\u017e&nbsp;\u00f4smym z&nbsp;18 \u010dlenov akad\u00e9mie, ktor\u00ed ju opustili od&nbsp;vla\u0148aj\u0161ka, ke\u010f prepukli spom\u00ednan\u00e9 \u0161kand\u00e1ly. Za&nbsp;\u010dlenku \u0160v\u00e9dskej akad\u00e9mie bola Svenungssonov\u00e1 zvolen\u00e1 vlani v&nbsp;septembri, nast\u00fapila do&nbsp;nej v&nbsp;decembri. Teraz sa&nbsp;chce naplno venova\u0165 pr\u00e1ci profesorky teol\u00f3gie na&nbsp;univerzite.<\/p>\n<p>V centre \u0161kand\u00e1lu s\u00favisiaceho s&nbsp;pohlavn\u00fdm zneu\u017e\u00edvan\u00edm sa&nbsp;ocitol Franc\u00faz Jean-Claude Arnault, ktor\u00fd je&nbsp;v\u00fdznamn\u00fdm dejate\u013eom kult\u00farneho \u017eivota vo&nbsp;\u0160v\u00e9dsku a&nbsp;je&nbsp;man\u017eelom \u010dlenky komisie na&nbsp;ude\u013eovanie Nobelovej ceny za&nbsp;literat\u00faru Katariny Frostensonovej.<\/p>\n<p>Arnault bol v&nbsp;okt\u00f3bri obvinen\u00fd zo&nbsp;zn\u00e1silnenia a&nbsp;ods\u00faden\u00fd na&nbsp;dva roky v\u00e4zenia.<\/p>\n<p>Akad\u00e9mia tento rok &#8211; prv\u00fdkr\u00e1t od&nbsp;roku 1942 &#8211; neude\u013eovala v&nbsp;kateg\u00f3rii literat\u00fara Nobelovu cenu. Rozhodla sa&nbsp;tak nielen v&nbsp;s\u00favislosti so&nbsp;spom\u00ednan\u00fdm \u0161kand\u00e1lom, na&nbsp;ktor\u00fd upozornili na&nbsp;jese\u0148 noviny <em><a href=\"https:\/\/www.dn.se\" rel=\"noopener\" target=\"_blank\">Dagens Nyheter<\/a><\/em>.<\/p>\n<p>Poves\u0165 akad\u00e9mie na\u0161trbili aj spr\u00e1vy o&nbsp;tom, \u017ee&nbsp;Arnault vopred prezr\u00e1dzal  men\u00e1 dr\u017eite\u013eov liter\u00e1rnej Nobelovej ceny. Uk\u00e1zalo sa&nbsp;aj, \u017ee&nbsp;Frostensenov\u00e1 a&nbsp;Arnault boli v&nbsp;konflikte z\u00e1ujmov, ke\u010f\u017ee v&nbsp;\u0160tokholme vlastnia s\u00fakromn\u00e9 kult\u00farne centrum, ktor\u00e9 dost\u00e1valo od&nbsp;akad\u00e9mie dot\u00e1ciu. Akad\u00e9mia ka\u017edoro\u010dne rozde\u013euje takmer tri mili\u00f3ny dol\u00e1rov v&nbsp;podobe \u0161tipendi\u00ed.<\/p>\n<p style=\"text-align: right;\"><small>&mdash;&nbsp;<a href=\"https:\/\/www.apnews.com\/28934fe95baa46ac86f4acbce20f291c\" target=\"_blank\">The Associated Press<\/a><\/small><\/p>\n<div class=\"gca-utility clearfix\"><\/div>\n<div class=\"gca-utility vertical-spacer\"><\/div>\n<p><center><span class=\"fullscreen\"><a href=\"\/\/www.martinus.sk\/?z=WLGC7F&#038;utm_source=z%3DWLGC7F&#038;utm_medium=banner1_468x60&#038;utm_campaign=partner\"><img decoding=\"async\" src=\"\/\/www.martinus.sk\/images\/banners\/468x60.jpg\" alt=\"www.martinus.sk\" \/><\/a><\/span><\/center><\/p>\n","protected":false},"excerpt":{"rendered":"<p>\u010clenstva vo&nbsp;\u0160v\u00e9dskej akad\u00e9mii, ktor\u00e1 ude\u013euje Nobelovu cenu za&nbsp;literat\u00faru, sa&nbsp;najnov\u0161ie vzdala aj \u0161v\u00e9dska teologi\u010dka a&nbsp;spisovate\u013eka Jayne Svenungssonov\u00e1. Poves\u0165 akad\u00e9mie v&nbsp;poslednom \u010dase poznamenal \u0161kand\u00e1l s\u00favisiaci s&nbsp;pohlavn\u00fdm zneu\u017e\u00edvan\u00edm a&nbsp;finan\u010dn\u00fdmi deliktmi.  <a href=\"https:\/\/literarnenoviny.sk\/servis\/svedsku-akademiu-udelujucu-nobelovu-cenu-za-literaturu-opustila-dalsia-clenka\/\" class=\"more-link\">Cel\u00e1 spr\u00e1va <span class=\"meta-nav\">&rarr;<\/span><\/a><\/p>\n","protected":false},"author":2,"featured_media":0,"comment_status":"closed","ping_status":"closed","sticky":false,"template":"","format":"standard","meta":{"_links_to":"","_links_to_target":""},"categories":[1],"tags":[4,3,21],"_links":{"self":[{"href":"https:\/\/literarnenoviny.sk\/servis\/wp-json\/wp\/v2\/posts\/4354"}],"collection":[{"href":"https:\/\/literarnenoviny.sk\/servis\/wp-json\/wp\/v2\/posts"}],"about":[{"href":"https:\/\/literarnenoviny.sk\/servis\/wp-json\/wp\/v2\/types\/post"}],"author":[{"embeddable":true,"href":"https:\/\/literarnenoviny.sk\/servis\/wp-json\/wp\/v2\/users\/2"}],"replies":[{"embeddable":true,"href":"https:\/\/literarnenoviny.sk\/servis\/wp-json\/wp\/v2\/comments?post=4354"}],"version-history":[{"count":0,"href":"https:\/\/literarnenoviny.sk\/servis\/wp-json\/wp\/v2\/posts\/4354\/revisions"}],"wp:attachment":[{"href":"https:\/\/literarnenoviny.sk\/servis\/wp-json\/wp\/v2\/media?parent=4354"}],"wp:term":[{"taxonomy":"category","embeddable":true,"href":"https:\/\/literarnenoviny.sk\/servis\/wp-json\/wp\/v2\/categories?post=4354"},{"taxonomy":"post_tag","embeddable":true,"href":"https:\/\/literarnenoviny.sk\/servis\/wp-json\/wp\/v2\/tags?post=4354"}],"curies":[{"name":"wp","href":"https:\/\/api.w.org\/{rel}","templated":true}]}}