{"id":4337,"date":"2018-11-05T20:38:14","date_gmt":"2018-11-05T19:38:14","guid":{"rendered":"https:\/\/literarnenoviny.sk\/servis\/?p=4337"},"modified":"2018-11-06T01:04:22","modified_gmt":"2018-11-06T00:04:22","slug":"novinarovi-janovi-kuciakovi-bola-in-memoriam-udelena-nemecka-medialna-cena","status":"publish","type":"post","link":"https:\/\/literarnenoviny.sk\/servis\/novinarovi-janovi-kuciakovi-bola-in-memoriam-udelena-nemecka-medialna-cena\/","title":{"rendered":"Novin\u00e1rovi J\u00e1novi Kuciakovi bola in memoriam udelen\u00e1 nemeck\u00e1 medi\u00e1lna cena"},"content":{"rendered":"<p><strong>Zavra\u017eden\u00fd slovensk\u00fd novin\u00e1r <a href=\"https:\/\/sk.wikipedia.org\/wiki\/J\u00e1n_Kuciak\" rel=\"noopener\" target=\"_blank\">J\u00e1n Kuciak<\/a> dnes v&nbsp;Berl\u00edne dostal nemeck\u00fa medi\u00e1lnu cenu <a href=\"https:\/\/publishers-summit.vdz.de\/ps-publishers-night-goldene-victoria\/\" rel=\"noopener\" target=\"_blank\">Goldene Victoria<\/a> v&nbsp;kateg\u00f3rii sloboda tla\u010de<\/strong>. Rovnak\u00fdm ocenen\u00edm vyznamenal <a href=\"https:\/\/www.vdz.de\/nachricht\/artikel\/vdz-zeichnet-daphne-galizia-und-jan-kuciak-postum-mit-der-goldenen-victoria-2018-pressefreiheit\/\" rel=\"noopener\" target=\"_blank\">Zv\u00e4z nemeck\u00fdch vydavate\u013eov \u010dasopisov<\/a> aj maltsk\u00fa report\u00e9rku <a href=\"https:\/\/en.wikipedia.org\/wiki\/Daphne_Caruana_Galizia\" rel=\"noopener\" target=\"_blank\">Daphne Caruanov\u00fa Galiziov\u00fa<\/a>, ktor\u00e1 bola pravdepodobne tie\u017e zavra\u017eden\u00e1 kv\u00f4li svojej pr\u00e1ci.<\/p>\n<p><center><div class=\"gca-utility vertical-spacer\"><\/div>\n<blockquote class=\"twitter-tweet\" data-lang=\"sk\">\n<p lang=\"de\" dir=\"ltr\">Der Chor der <a href=\"https:\/\/twitter.com\/hashtag\/YoungClassX?src=hash&amp;ref_src=twsrc%5Etfw\">#YoungClassX<\/a> singen f\u00fcr die verstorbenen Goldene Victoria <a href=\"https:\/\/twitter.com\/hashtag\/Pressefreiheit?src=hash&amp;ref_src=twsrc%5Etfw\">#Pressefreiheit<\/a> Preistr\u00e4ger <a href=\"https:\/\/twitter.com\/hashtag\/DaphneCaruanaGalizia?src=hash&amp;ref_src=twsrc%5Etfw\">#DaphneCaruanaGalizia<\/a> und <a href=\"https:\/\/twitter.com\/hashtag\/JanKuciak?src=hash&amp;ref_src=twsrc%5Etfw\">#JanKuciak<\/a> \u201eWorte brauchen <a href=\"https:\/\/twitter.com\/hashtag\/Freiheit?src=hash&amp;ref_src=twsrc%5Etfw\">#Freiheit<\/a>\u201c <a href=\"https:\/\/twitter.com\/hashtag\/VDZPN18?src=hash&amp;ref_src=twsrc%5Etfw\">#VDZPN18<\/a> <a href=\"https:\/\/t.co\/Mi2TnuJjbZ\">pic.twitter.com\/Mi2TnuJjbZ<\/a><\/p>\n<p>&mdash; VDZ (@VDZPresse) <a href=\"https:\/\/twitter.com\/VDZPresse\/status\/1059530063681593344?ref_src=twsrc%5Etfw\">5.&nbsp;novembra 2018<\/a><\/p><\/blockquote>\n<p><script async src=\"https:\/\/platform.twitter.com\/widgets.js\" charset=\"utf-8\"><\/script><div class=\"gca-utility vertical-spacer\"><\/div><\/center><\/p>\n<p><em>\u201eDaphne Caruanov\u00e1 Galiziov\u00e1 a&nbsp;J\u00e1n Kuciak sa&nbsp;stali nedobrovo\u013en\u00fdmi mu\u010den\u00edkmi za&nbsp;slobodu slova,\u201c<\/em> uviedla v&nbsp;laudatiu novin\u00e1rka a&nbsp;bojovn\u00ed\u010dka za&nbsp;\u013eudsk\u00e9 pr\u00e1va D\u00fczen Tekkalov\u00e1. <em>\u201eJedn\u00e1 vec n\u00e1s sp\u00e1ja. Nie\u010do, \u010do&nbsp;sp\u00e1ja v\u0161etk\u00fdch, ktor\u00ed sa&nbsp;up\u00edsali novin\u00e1r\u010dine. Pevn\u00e1 v\u00f4\u013ea odha\u013eova\u0165 pravdu a&nbsp;pomenov\u00e1va\u0165 ju, pevn\u00e9 presved\u010denie, \u017ee&nbsp;sloboda slova a&nbsp;tla\u010de patr\u00ed k&nbsp;tomu najcennej\u0161iemu, \u010do&nbsp;m\u00e1me,\u201c<\/em> dodala.<\/p>\n<p>Za oboch novin\u00e1rov, ktor\u00ed sa&nbsp;do\u010dkali dlh\u00e9ho potlesku od&nbsp;nemeckej kancel\u00e1rky Angely Merkelovej aj zaplnenej s\u00e1ly, prevzali ocenenie ich najbli\u017e\u0161\u00ed pr\u00edbuzn\u00ed.<\/p>\n<p>Otec zavra\u017eden\u00e9ho novin\u00e1ra Jozef Kuciak vyjadril presved\u010denie, \u017ee&nbsp;sa&nbsp;po&nbsp;trag\u00e9dii nie\u010do v&nbsp;slovenskej spolo\u010dnosti pohlo. <em>\u201eKe\u010f si zoberieme tie n\u00e1mestia a&nbsp;\u013eud\u00ed, ktor\u00ed sa&nbsp;postavili za&nbsp;spr\u00e1vnu vec. Neboli sme na&nbsp;to sami,\u201c<\/em> uviedol k&nbsp;dobe, ke\u010f ulice slovensk\u00fdch miest pravidelne zap\u013a\u0148ali desa\u0165tis\u00edce demon\u0161trantov, \u010do&nbsp;viedlo aj k&nbsp;rezign\u00e1ci\u00ed premi\u00e9ra Roberta Fica.<\/p>\n<p style=\"text-align: right;\"><small>&mdash;&nbsp;<a href=\"https:\/\/www.ceskenoviny.cz\/zpravy\/novinar-jan-kuciak-dostal-posmrtne-nemeckou-medialni-cenu\/1683730\" target=\"_blank\">\u010cesk\u00e9 noviny<\/a><\/small><\/p>\n<div class=\"gca-utility clearfix\"><\/div>\n<div class=\"gca-utility vertical-spacer\"><\/div>\n<p><center><span class=\"fullscreen\"><script type=\"text\/javascript\" src=\"\/\/partner.mrtns.eu\/banners\/banner.js?type=banner&#038;brand_id=1&#038;uItem=438065&#038;size=full&#038;show_price=0&#038;color=blue&#038;z=WLGC7F\"><\/script><\/span><\/center><\/p>\n","protected":false},"excerpt":{"rendered":"<p>Zavra\u017eden\u00fd slovensk\u00fd novin\u00e1r J\u00e1n Kuciak dnes v&nbsp;Berl\u00edne posmrtne dostal nemeck\u00fa medi\u00e1lnu cenu Golden Victoria v&nbsp;kateg\u00f3rii sloboda tla\u010de. Rovnak\u00fdm ocenen\u00edm vyznamenal Zv\u00e4z nemeck\u00fdch vydavate\u013eov \u010dasopisov aj maltsk\u00fa report\u00e9rku Daphne Caruanov\u00fa Galiziov\u00fa, ktor\u00e1 bola pravdepodobne tie\u017e zavra\u017eden\u00e1 kv\u00f4li svojej pr\u00e1ci. <a href=\"https:\/\/literarnenoviny.sk\/servis\/novinarovi-janovi-kuciakovi-bola-in-memoriam-udelena-nemecka-medialna-cena\/\" class=\"more-link\">Cel\u00e1 spr\u00e1va <span class=\"meta-nav\">&rarr;<\/span><\/a><\/p>\n","protected":false},"author":2,"featured_media":0,"comment_status":"closed","ping_status":"closed","sticky":false,"template":"","format":"standard","meta":{"_links_to":"","_links_to_target":""},"categories":[1],"tags":[3,21,27],"_links":{"self":[{"href":"https:\/\/literarnenoviny.sk\/servis\/wp-json\/wp\/v2\/posts\/4337"}],"collection":[{"href":"https:\/\/literarnenoviny.sk\/servis\/wp-json\/wp\/v2\/posts"}],"about":[{"href":"https:\/\/literarnenoviny.sk\/servis\/wp-json\/wp\/v2\/types\/post"}],"author":[{"embeddable":true,"href":"https:\/\/literarnenoviny.sk\/servis\/wp-json\/wp\/v2\/users\/2"}],"replies":[{"embeddable":true,"href":"https:\/\/literarnenoviny.sk\/servis\/wp-json\/wp\/v2\/comments?post=4337"}],"version-history":[{"count":0,"href":"https:\/\/literarnenoviny.sk\/servis\/wp-json\/wp\/v2\/posts\/4337\/revisions"}],"wp:attachment":[{"href":"https:\/\/literarnenoviny.sk\/servis\/wp-json\/wp\/v2\/media?parent=4337"}],"wp:term":[{"taxonomy":"category","embeddable":true,"href":"https:\/\/literarnenoviny.sk\/servis\/wp-json\/wp\/v2\/categories?post=4337"},{"taxonomy":"post_tag","embeddable":true,"href":"https:\/\/literarnenoviny.sk\/servis\/wp-json\/wp\/v2\/tags?post=4337"}],"curies":[{"name":"wp","href":"https:\/\/api.w.org\/{rel}","templated":true}]}}