{"id":4317,"date":"2018-11-03T20:45:46","date_gmt":"2018-11-03T19:45:46","guid":{"rendered":"https:\/\/literarnenoviny.sk\/servis\/?p=4317"},"modified":"2018-11-06T12:07:09","modified_gmt":"2018-11-06T11:07:09","slug":"vydavatelstvo-ringier-axel-springer-pripravuje-knihu-o-novinarovi-janovi-kuciakovi","status":"publish","type":"post","link":"https:\/\/literarnenoviny.sk\/servis\/vydavatelstvo-ringier-axel-springer-pripravuje-knihu-o-novinarovi-janovi-kuciakovi\/","title":{"rendered":"Vydavate\u013estvo Ringier Axel Springer vyd\u00e1va knihu o&nbsp;novin\u00e1rovi J\u00e1novi Kuciakovi"},"content":{"rendered":"<p><strong>Redakcia spravodajsk\u00e9ho serveru <em><a href=\"https:\/\/www.aktuality.sk\/\" rel=\"noopener\" target=\"_blank\">Aktuality.sk<\/a><\/em> pripravuje knihu o&nbsp;ich zavra\u017edenom kolegovi J\u00e1novi Kuciakovi a&nbsp;jeho sn\u00fabenici Martine Ku\u0161n\u00edrovej<\/strong>. Titul <em><strong><a href=\"https:\/\/biblioteka.literarnenoviny.sk\/marek-vagovic\/umlcani\/\" rel=\"noopener\" target=\"_blank\">Uml\u010dan\u00ed<\/a><\/strong><\/em> prostredn\u00edctvom autentick\u00fdch v\u00fdpoved\u00ed rodiny, priate\u013eov, u\u010dite\u013eov a&nbsp;kolegov J\u00e1na a&nbsp;Martiny \u010ditate\u013eom pribl\u00ed\u017ei dva mlad\u00e9 \u017eivoty, ktor\u00e9 vo&nbsp;veku 27 rokov uml\u010dala ruka n\u00e1jomn\u00e9ho vraha.<\/p>\n<p><em>\u201eKniha je&nbsp;poctou dvom odv\u00e1\u017enym mlad\u00fdm \u013eu\u010fom, aj pokra\u010dovan\u00edm ich odkazu. Sp\u00e1jal ich zmysel pre&nbsp;spravodlivos\u0165 a&nbsp;\u017eivot v&nbsp;pravde, ktor\u00e1 m\u00f4\u017ee zmeni\u0165 ka\u017ed\u00e9ho z&nbsp;n\u00e1s,\u201c<\/em> uv\u00e1dza jej vydavate\u013e <a href=\"https:\/\/www.ringieraxelspringer.sk\/\" rel=\"noopener\" target=\"_blank\">Ringier Axel Springer<\/a>, ktor\u00fd bol aj zamestn\u00e1vate\u013eom J\u00e1na Kuciaka.<\/p>\n<p><center><script type=\"text\/javascript\" src=\"\/\/partner.mrtns.eu\/banners\/banner.js?type=banner&#038;brand_id=1&#038;uItem=438065&#038;size=square&#038;show_price=0&#038;color=white&#038;z=WLGC7F\"><\/script><\/center><\/p>\n<p>Na portr\u00e9te J\u00e1na a&nbsp;Martiny sa&nbsp;podie\u013eali J\u00e1novi kolegovia pod veden\u00edm Mareka Vagovi\u010da. Spolupracovali aj zahrani\u010dn\u00ed novin\u00e1ri Pavla Holcov\u00e1 z&nbsp;<em><a href=\"https:\/\/www.investigace.cz\/\" rel=\"noopener\" target=\"_blank\">\u010cesk\u00e9ho centra pre&nbsp;investigat\u00edvnu \u017eurnalistiku<\/a><\/em>, Tim R\u00f6hm z&nbsp;nemeck\u00e9ho denn\u00edka <em><a href=\"https:\/\/www.welt.de\/\" rel=\"noopener\" target=\"_blank\">Die Welt<\/a><\/em> a&nbsp;Vinzenz Greiner zo&nbsp;\u0161vaj\u010diarskeho <em><a href=\"https:\/\/www.blick.ch\/\" rel=\"noopener\" target=\"_blank\">Blicku<\/a><\/em>.<\/p>\n<p><em>\u201eOsobne som mal pri p\u00edsan\u00ed a&nbsp;editovan\u00ed knihy pocit, \u017ee&nbsp;je&nbsp;znovu febru\u00e1r 2018. Cel\u00fd film sa&nbsp;mi premietal pred o\u010dami ako horor, ktor\u00fd som nikdy nechcel pozera\u0165,\u201c<\/em> uviedol na&nbsp;adresu vzniku knihy Marek Vagovi\u010d a&nbsp;priznal, \u017ee&nbsp;redigovanie niektor\u00fdch kapitol odkladal na&nbsp;nesk\u00f4r, aby to psychicky zvl\u00e1dol.<\/p>\n<p>Autori nav\u0161t\u00edvili aj miesta, kde J\u00e1n a&nbsp;Martina vyrastali a&nbsp;ktor\u00e9 kreovali ich osobnos\u0165. S\u00fa\u010das\u0165ou portr\u00e9tu je&nbsp;poh\u013ead do&nbsp;z\u00e1kulisia novin\u00e1rskej pr\u00e1ce.<\/p>\n<p>Kniha by sa&nbsp;na&nbsp;<a href=\"https:\/\/www.martinus.sk\/?uItem=438065&#038;z=WLGC7F&#038;utm_source=z%3DWLGC7F&#038;utm_medium=url&#038;utm_campaign=partner\" rel=\"noopener\" target=\"_blank\">pulty kn\u00edhkupectiev<\/a> mala dosta\u0165 v&nbsp;druhej polovici novembra.<\/p>\n<p style=\"text-align: right;\"><small>&mdash;&nbsp;<a href=\"https:\/\/www.aktuality.sk\/clanok\/636607\/z-kocnera-mal-strach-aj-kuciakov-zdroj-skryval-sa-pred-nim-v-zahranici\/\" target=\"_blank\">Aktuality.sk<\/a><\/small><\/p>\n<div class=\"gca-utility clearfix\"><\/div>\n<div class=\"gca-utility vertical-spacer\"><\/div>\n<p><center><span class=\"fullscreen\"><script type=\"text\/javascript\" src=\"\/\/partner.mrtns.eu\/banners\/banner.js?type=banner&#038;brand_id=1&#038;uItem=257686&#038;size=full&#038;show_price=0&#038;color=blue&#038;z=WLGC7F\"><\/script><\/span><\/center><\/p>\n","protected":false},"excerpt":{"rendered":"<p>Redakcia spravodajsk\u00e9ho serveru Aktuality.sk pripravuje knihu o&nbsp;ich zavra\u017edenom kolegovi J\u00e1novi Kuciakovi a&nbsp;jeho sn\u00fabenici. Titul Uml\u010dan\u00ed prostredn\u00edctvom autentick\u00fdch v\u00fdpoved\u00ed rodiny, priate\u013eov, u\u010dite\u013eov a&nbsp;kolegov J\u00e1na a&nbsp;Martiny \u010ditate\u013eom pribl\u00ed\u017ei dva mlad\u00e9 \u017eivoty, ktor\u00e9 vo&nbsp;veku 27 rokov uml\u010dala ruka n\u00e1jomn\u00e9ho vraha. <a href=\"https:\/\/literarnenoviny.sk\/servis\/vydavatelstvo-ringier-axel-springer-pripravuje-knihu-o-novinarovi-janovi-kuciakovi\/\" class=\"more-link\">Cel\u00e1 spr\u00e1va <span class=\"meta-nav\">&rarr;<\/span><\/a><\/p>\n","protected":false},"author":2,"featured_media":0,"comment_status":"closed","ping_status":"closed","sticky":false,"template":"","format":"standard","meta":{"_links_to":"","_links_to_target":""},"categories":[1],"tags":[14,3,27],"_links":{"self":[{"href":"https:\/\/literarnenoviny.sk\/servis\/wp-json\/wp\/v2\/posts\/4317"}],"collection":[{"href":"https:\/\/literarnenoviny.sk\/servis\/wp-json\/wp\/v2\/posts"}],"about":[{"href":"https:\/\/literarnenoviny.sk\/servis\/wp-json\/wp\/v2\/types\/post"}],"author":[{"embeddable":true,"href":"https:\/\/literarnenoviny.sk\/servis\/wp-json\/wp\/v2\/users\/2"}],"replies":[{"embeddable":true,"href":"https:\/\/literarnenoviny.sk\/servis\/wp-json\/wp\/v2\/comments?post=4317"}],"version-history":[{"count":0,"href":"https:\/\/literarnenoviny.sk\/servis\/wp-json\/wp\/v2\/posts\/4317\/revisions"}],"wp:attachment":[{"href":"https:\/\/literarnenoviny.sk\/servis\/wp-json\/wp\/v2\/media?parent=4317"}],"wp:term":[{"taxonomy":"category","embeddable":true,"href":"https:\/\/literarnenoviny.sk\/servis\/wp-json\/wp\/v2\/categories?post=4317"},{"taxonomy":"post_tag","embeddable":true,"href":"https:\/\/literarnenoviny.sk\/servis\/wp-json\/wp\/v2\/tags?post=4317"}],"curies":[{"name":"wp","href":"https:\/\/api.w.org\/{rel}","templated":true}]}}