{"id":4293,"date":"2018-10-30T15:10:02","date_gmt":"2018-10-30T14:10:02","guid":{"rendered":"https:\/\/literarnenoviny.sk\/servis\/?p=4293"},"modified":"2018-10-31T13:08:13","modified_gmt":"2018-10-31T12:08:13","slug":"iniciativa-sebavedome-slovensko-vydava-komiks-o-milanovi-rastislavovi-stefanikovi","status":"publish","type":"post","link":"https:\/\/literarnenoviny.sk\/servis\/iniciativa-sebavedome-slovensko-vydava-komiks-o-milanovi-rastislavovi-stefanikovi\/","title":{"rendered":"Iniciat\u00edva Sebavedom\u00e9 Slovensko vyd\u00e1va komiks o&nbsp;Milanovi Rastislavovi \u0160tef\u00e1nikovi"},"content":{"rendered":"<p><strong>Iniciat\u00edva <a href=\"http:\/\/sebavedome.sk\" rel=\"noopener\" target=\"_blank\">Sebavedom\u00e9 Slovensko<\/a> publikovala<\/strong> pri pr\u00edle\u017eitosti 100.&nbsp;v\u00fdro\u010dia vzniku \u010ceskoslovenska  <a href=\"https:\/\/www.facebook.com\/story.php?story_fbid=308066523255211&#038;id=137672836961248\" rel=\"noopener\" target=\"_blank\">na svojej facebookovej str\u00e1nke<\/a> <strong>pr\u00edspevok o&nbsp;komikse venovanom Milanovi Rastislavovi \u0160tef\u00e1nikovi.<\/strong><\/p>\n<p>Projekt, ktor\u00fd vznikol pod\u013ea scen\u00e1ra Tom\u00e1\u0161a Kri\u0161\u0161\u00e1ka, m\u00e1 n\u00e1zov <em><strong>Dobrodru\u017estv\u00e1 Milana Rastislava \u0160tef\u00e1nika<\/strong><\/em> a&nbsp;nakreslil ho <a href=\"https:\/\/www.facebook.com\/artereniac\/\" rel=\"noopener\" target=\"_blank\">Eniac<\/a>.<\/p>\n<p><center><div class=\"gca-utility vertical-spacer\"><\/div>\n<blockquote class=\"twitter-tweet\" data-lang=\"sk\">\n<p lang=\"und\" dir=\"ltr\">comics cover for Slovak national superhero Milan Rastislav \u0160tef\u00e1nik<a href=\"https:\/\/twitter.com\/hashtag\/eniac?src=hash&amp;ref_src=twsrc%5Etfw\">#eniac<\/a> <a href=\"https:\/\/twitter.com\/hashtag\/ninja?src=hash&amp;ref_src=twsrc%5Etfw\">#ninja<\/a> <a href=\"https:\/\/twitter.com\/hashtag\/comics?src=hash&amp;ref_src=twsrc%5Etfw\">#comics<\/a> <a href=\"https:\/\/twitter.com\/hashtag\/milanrastislavstefanik?src=hash&amp;ref_src=twsrc%5Etfw\">#milanrastislavstefanik<\/a> <a href=\"https:\/\/t.co\/fVvFq8k1Zr\">pic.twitter.com\/fVvFq8k1Zr<\/a><\/p>\n<p>&mdash; eniac (@artereniac) <a href=\"https:\/\/twitter.com\/artereniac\/status\/993208364317454337?ref_src=twsrc%5Etfw\">6.&nbsp;m\u00e1ja 2018<\/a><\/p><\/blockquote>\n<p><script async src=\"https:\/\/platform.twitter.com\/widgets.js\" charset=\"utf-8\"><\/script><div class=\"gca-utility vertical-spacer\"><\/div><\/center><\/p>\n<p>Iniciat\u00edva Sebavedom\u00e9 Slovensko komiksov\u00fd projekt avizovala u\u017e&nbsp;v&nbsp;m\u00e1ji tohto roka prostredn\u00edctvom svojej <a href=\"http:\/\/sebavedome.sk\/sebavedomy-komiks-dobrodruzstva-milana-rastislava-stefanika-1-zrod-hrdinu\/\" rel=\"noopener\" target=\"_blank\">webstr\u00e1nky<\/a> a&nbsp;twitterov\u00e9ho \u00fa\u010dtu <a href=\"https:\/\/twitter.com\/artereniac\" rel=\"noopener\" target=\"_blank\">@artereniac<\/a>.<\/p>\n<p style=\"text-align: right;\"><small>&mdash;&nbsp;<a href=\"https:\/\/www.facebook.com\/story.php?story_fbid=308066523255211&#038;id=137672836961248\" target=\"_blank\">Sebavedom\u00e9 Slovensko<\/a><\/small><\/p>\n<div class=\"gca-utility clearfix\"><\/div>\n<div class=\"gca-utility vertical-spacer\"><\/div>\n<p><center><span class=\"fullscreen\"><a href=\"\/\/www.martinus.sk\/?z=WLGC7F&#038;utm_source=z%3DWLGC7F&#038;utm_medium=banner1_468x60&#038;utm_campaign=partner\"><img decoding=\"async\" src=\"\/\/www.martinus.sk\/images\/banners\/468x60.jpg\" alt=\"www.martinus.sk\" \/><\/a><\/span><\/center><\/p>\n","protected":false},"excerpt":{"rendered":"<p>Iniciat\u00edva Sebavedom\u00e9 Slovensko publikovala pri pr\u00edle\u017eitosti 100.&nbsp;v\u00fdro\u010dia vzniku \u010ceskoslovenska na&nbsp;svojej facebookovej str\u00e1nke pr\u00edspevok o&nbsp;komikse venovanom Milanovi Rastislavovi \u0160tef\u00e1nikovi. Projekt, ktor\u00fd vznikol pod\u013ea scen\u00e1ra Tom\u00e1\u0161a Kri\u0161\u0161\u00e1ka, m\u00e1 n\u00e1zov Dobrodru\u017estv\u00e1 Milana Rastislava \u0160tef\u00e1nika a&nbsp;nakreslil ho Eniac. <a href=\"https:\/\/literarnenoviny.sk\/servis\/iniciativa-sebavedome-slovensko-vydava-komiks-o-milanovi-rastislavovi-stefanikovi\/\" class=\"more-link\">Cel\u00e1 spr\u00e1va <span class=\"meta-nav\">&rarr;<\/span><\/a><\/p>\n","protected":false},"author":2,"featured_media":0,"comment_status":"closed","ping_status":"closed","sticky":false,"template":"","format":"standard","meta":{"_links_to":"","_links_to_target":""},"categories":[1],"tags":[80,5,29],"_links":{"self":[{"href":"https:\/\/literarnenoviny.sk\/servis\/wp-json\/wp\/v2\/posts\/4293"}],"collection":[{"href":"https:\/\/literarnenoviny.sk\/servis\/wp-json\/wp\/v2\/posts"}],"about":[{"href":"https:\/\/literarnenoviny.sk\/servis\/wp-json\/wp\/v2\/types\/post"}],"author":[{"embeddable":true,"href":"https:\/\/literarnenoviny.sk\/servis\/wp-json\/wp\/v2\/users\/2"}],"replies":[{"embeddable":true,"href":"https:\/\/literarnenoviny.sk\/servis\/wp-json\/wp\/v2\/comments?post=4293"}],"version-history":[{"count":0,"href":"https:\/\/literarnenoviny.sk\/servis\/wp-json\/wp\/v2\/posts\/4293\/revisions"}],"wp:attachment":[{"href":"https:\/\/literarnenoviny.sk\/servis\/wp-json\/wp\/v2\/media?parent=4293"}],"wp:term":[{"taxonomy":"category","embeddable":true,"href":"https:\/\/literarnenoviny.sk\/servis\/wp-json\/wp\/v2\/categories?post=4293"},{"taxonomy":"post_tag","embeddable":true,"href":"https:\/\/literarnenoviny.sk\/servis\/wp-json\/wp\/v2\/tags?post=4293"}],"curies":[{"name":"wp","href":"https:\/\/api.w.org\/{rel}","templated":true}]}}