{"id":4235,"date":"2018-10-20T09:40:41","date_gmt":"2018-10-20T07:40:41","guid":{"rendered":"https:\/\/literarnenoviny.sk\/servis\/?p=4235"},"modified":"2018-10-20T12:17:56","modified_gmt":"2018-10-20T10:17:56","slug":"saudska-arabia-priznala-zabitie-novinara-dzamala-chasukdziho-na-ich-konzulate","status":"publish","type":"post","link":"https:\/\/literarnenoviny.sk\/servis\/saudska-arabia-priznala-zabitie-novinara-dzamala-chasukdziho-na-ich-konzulate\/","title":{"rendered":"Saudsk\u00e1 Ar\u00e1bia priznala zabitie novin\u00e1ra D\u017eam\u00e1la Ch\u00e1\u0161ukd\u017e\u00edho na&nbsp;ich konzul\u00e1te"},"content":{"rendered":"<p><strong>Saudsk\u00e1 Ar\u00e1bia po&nbsp;dvoch t\u00fd\u017ed\u0148och priznala, \u017ee&nbsp;saudskoarabsk\u00fd novin\u00e1r D\u017eam\u00e1l Ch\u00e1\u0161ukd\u017e\u00ed bol zabit\u00fd na&nbsp;konzul\u00e1te v&nbsp;Istanbule<\/strong>. Miestna prokurat\u00fara v\u0161ak v&nbsp;rozpore s&nbsp;tureckou verziou tvrd\u00ed, \u017ee&nbsp;zomrel po&nbsp;bitke s&nbsp;\u013eu\u010fmi, s&nbsp;ktor\u00fdmi sa&nbsp;na&nbsp;\u00farade stretol.<\/p>\n<p><em>\u201eOsemn\u00e1s\u0165 podozriv\u00fdch bolo zatknut\u00fdch. Vy\u0161etrovanie st\u00e1le pokra\u010duje,\u201c<\/em> uviedla vo&nbsp;svojom vyhl\u00e1sen\u00ed saudskoarabsk\u00e1 prokurat\u00fara.<\/p>\n<p><center><div class=\"gca-utility vertical-spacer\"><\/div>\n<blockquote class=\"twitter-tweet\" data-lang=\"sk\">\n<p lang=\"en\" dir=\"ltr\">\u2022 Saudi Arabia admits <a href=\"https:\/\/twitter.com\/hashtag\/JamalKhashoggi?src=hash&amp;ref_src=twsrc%5Etfw\">#JamalKhashoggi<\/a> was killed inside its Istanbul consulate<br \/>\u2022 Saudi says he was killed in a&nbsp;\u2018fist fight\u2019 when a&nbsp;brawl broke out with people he met there<br \/>\u2022 Saudi sacks two senior officials and arrests 18 Saudi nationals over his death <a href=\"https:\/\/t.co\/2iTuZrOAgL\">https:\/\/t.co\/2iTuZrOAgL<\/a> <a href=\"https:\/\/t.co\/iz9B5jlmZm\">pic.twitter.com\/iz9B5jlmZm<\/a><\/p>\n<p>&mdash; Al Jazeera English (@AJEnglish) <a href=\"https:\/\/twitter.com\/AJEnglish\/status\/1053541439588700160?ref_src=twsrc%5Etfw\">20.&nbsp;okt\u00f3bra 2018<\/a><\/p><\/blockquote>\n<p><script async src=\"https:\/\/platform.twitter.com\/widgets.js\" charset=\"utf-8\"><\/script><div class=\"gca-utility vertical-spacer\"><\/div><\/center><\/p>\n<p>T\u00e1to verzia udalost\u00ed je&nbsp;<a href=\"https:\/\/www.novinky.cz\/zahranicni\/evropa\/486434-saudskemu-novinari-dle-nahravky-pri-vyslechu-urezali-prsty-a-umucili-ho.html\" rel=\"noopener\" target=\"_blank\">v rozpore s&nbsp;inform\u00e1ciami<\/a>, ktor\u00e9 v&nbsp;uplynul\u00fdch d\u0148och zverejnili tureck\u00e9 m\u00e9di\u00e1 s&nbsp;odvolan\u00edm sa&nbsp;na&nbsp;nemenovan\u00fdch tureck\u00fdch predstavite\u013eov. Pod\u013ea nich bol novin\u00e1r Ch\u00e1\u0161ukd\u017e\u00ed, \u017eij\u00faci v&nbsp;dobrovo\u013enom exile v&nbsp;USA, brut\u00e1lne zavra\u017eden\u00fd komandom \u0161peci\u00e1lne vyslan\u00fdm z&nbsp;Rij\u00e1du.<\/p>\n<p>Ch\u00e1\u0161akd\u017e\u00edmu vraj odrezali prsty na&nbsp;ruk\u00e1ch a&nbsp;umu\u010dili ho.  Saudsk\u00fd konzul Muhamed Utajbi sa&nbsp;mal mu\u010deniu prizera\u0165. <em>\u201eUrobte to niekde inde, lebo budem ma\u0165 probl\u00e9my,\u201c<\/em> povedal. Preukazuje to sedemmin\u00fatov\u00fd zvukov\u00fd z\u00e1znam v\u00fdsluchu, o&nbsp;ktorom informoval tureck\u00fd denn\u00edk <a href=\"https:\/\/www.yenisafak.com\/gundem\/deastan-beter-3403348\" rel=\"noopener\" target=\"_blank\">Yeni Safak<\/a>.<\/p>\n<p>Jeho telo potom na&nbsp;konzul\u00e1te roz\u0161tvrtili a&nbsp;rozpustili v&nbsp;kyseline.<\/p>\n<p>Zn\u00e1my kritik saudskoarabsk\u00e9ho re\u017eimu D\u017eam\u00e1l Ch\u00e1\u0161ukd\u017e\u00ed nav\u0161t\u00edvil konzul\u00e1t 2.&nbsp;okt\u00f3bra, aby si vybavil doklady kv\u00f4li svadbe, a&nbsp;od&nbsp;tej doby bol nezvestn\u00fd.<\/p>\n<p style=\"text-align: right;\"><small>&mdash;&nbsp;<a href=\"https:\/\/www.bbc.com\/news\/world-middle-east-45923217\" target=\"_blank\">BBC<\/a><\/small><\/p>\n<div class=\"gca-utility clearfix\"><\/div>\n<div class=\"gca-utility vertical-spacer\"><\/div>\n<p><center><span class=\"fullscreen\"><a href=\"\/\/www.martinus.sk\/?z=WLGC7F&#038;utm_source=z%3DWLGC7F&#038;utm_medium=banner1_468x60&#038;utm_campaign=partner\"><img decoding=\"async\" src=\"\/\/www.martinus.sk\/images\/banners\/468x60.jpg\" alt=\"www.martinus.sk\" \/><\/a><\/span><\/center><\/p>\n","protected":false},"excerpt":{"rendered":"<p>Saudsk\u00e1 Ar\u00e1bia po&nbsp;dvoch t\u00fd\u017ed\u0148och priznala, \u017ee&nbsp;saudskoarabsk\u00fd novin\u00e1r D\u017eam\u00e1l Ch\u00e1\u0161ukd\u017e\u00ed bol zabit\u00fd na&nbsp;konzul\u00e1te v&nbsp;Istanbule. Miestna prokurat\u00fara v\u0161ak v&nbsp;rozpore s&nbsp;tureckou verziou tvrd\u00ed, \u017ee&nbsp;zomrel po&nbsp;bitke s&nbsp;\u013eu\u010fmi, s&nbsp;ktor\u00fdmi sa&nbsp;na&nbsp;\u00farade stretol. T\u00e1to verzia udalost\u00ed je&nbsp;v&nbsp;rozpore s&nbsp;inform\u00e1ciami, ktor\u00e9 v&nbsp;uplynul\u00fdch d\u0148och zverejnili tureck\u00e9 m\u00e9di\u00e1. <a href=\"https:\/\/literarnenoviny.sk\/servis\/saudska-arabia-priznala-zabitie-novinara-dzamala-chasukdziho-na-ich-konzulate\/\" class=\"more-link\">Cel\u00e1 spr\u00e1va <span class=\"meta-nav\">&rarr;<\/span><\/a><\/p>\n","protected":false},"author":2,"featured_media":0,"comment_status":"closed","ping_status":"closed","sticky":false,"template":"","format":"standard","meta":{"_links_to":"","_links_to_target":""},"categories":[1],"tags":[37,33,27],"_links":{"self":[{"href":"https:\/\/literarnenoviny.sk\/servis\/wp-json\/wp\/v2\/posts\/4235"}],"collection":[{"href":"https:\/\/literarnenoviny.sk\/servis\/wp-json\/wp\/v2\/posts"}],"about":[{"href":"https:\/\/literarnenoviny.sk\/servis\/wp-json\/wp\/v2\/types\/post"}],"author":[{"embeddable":true,"href":"https:\/\/literarnenoviny.sk\/servis\/wp-json\/wp\/v2\/users\/2"}],"replies":[{"embeddable":true,"href":"https:\/\/literarnenoviny.sk\/servis\/wp-json\/wp\/v2\/comments?post=4235"}],"version-history":[{"count":0,"href":"https:\/\/literarnenoviny.sk\/servis\/wp-json\/wp\/v2\/posts\/4235\/revisions"}],"wp:attachment":[{"href":"https:\/\/literarnenoviny.sk\/servis\/wp-json\/wp\/v2\/media?parent=4235"}],"wp:term":[{"taxonomy":"category","embeddable":true,"href":"https:\/\/literarnenoviny.sk\/servis\/wp-json\/wp\/v2\/categories?post=4235"},{"taxonomy":"post_tag","embeddable":true,"href":"https:\/\/literarnenoviny.sk\/servis\/wp-json\/wp\/v2\/tags?post=4235"}],"curies":[{"name":"wp","href":"https:\/\/api.w.org\/{rel}","templated":true}]}}