{"id":417,"date":"2017-05-15T17:45:44","date_gmt":"2017-05-15T15:45:44","guid":{"rendered":"http:\/\/www.literarnenoviny.sk\/servis\/?p=417"},"modified":"2017-05-15T17:45:44","modified_gmt":"2017-05-15T15:45:44","slug":"byvala-premierka-iveta-radicova-sa-stala-dekankou-fakulty-masmedii-paneuropskej-vysokej-skoly","status":"publish","type":"post","link":"https:\/\/literarnenoviny.sk\/servis\/byvala-premierka-iveta-radicova-sa-stala-dekankou-fakulty-masmedii-paneuropskej-vysokej-skoly\/","title":{"rendered":"B\u00fdval\u00e1 premi\u00e9rka Iveta Radi\u010dov\u00e1 sa&nbsp;stala dekankou Fakulty masm\u00e9di\u00ed Paneur\u00f3pskej vysokej \u0161koly"},"content":{"rendered":"<p><strong>B\u00fdval\u00fa premi\u00e9rku <a href=\"https:\/\/sk.wikipedia.org\/wiki\/Iveta_Radi%C4%8Dov%C3%A1\" target=\"_blank\">Ivetu Radi\u010dov\u00fa<\/a> zvolil Akademick\u00fd sen\u00e1t Paneur\u00f3pskej vysokej \u0161koly za&nbsp;dekanku <a href=\"http:\/\/www.uninova.sk\/sk\/fakulty\/fakulta-masmedii\/\" target=\"_blank\">Fakulty masm\u00e9di\u00ed<\/a><\/strong>. Radi\u010dovej alma mater je&nbsp;Univerzita Komensk\u00e9ho, kde z\u00edskala vzdelanie z&nbsp;oblasti sociol\u00f3gie a&nbsp;nesk\u00f4r \u0161tudovala aj na&nbsp;Oxfordskej univerzite.<br \/>\n&nbsp;<br \/>\nTitul profesorky sociol\u00f3gie z\u00edskala v&nbsp;roku 2005. Ako politi\u010dka sa&nbsp;\u0161pecializovala na&nbsp;soci\u00e1lne t\u00e9my a&nbsp;rodinn\u00fa politiku. Na&nbsp;poste predsedn\u00ed\u010dky vl\u00e1dy  p\u00f4sobila v&nbsp;rokoch 2010 a\u017e 2012.<\/p>\n","protected":false},"excerpt":{"rendered":"<p>B\u00fdval\u00fa premi\u00e9rku Ivetu Radi\u010dov\u00fa zvolil Akademick\u00fd sen\u00e1t Paneur\u00f3pskej vysokej \u0161koly za&nbsp;dekanku Fakulty masm\u00e9di\u00ed. Radi\u010dovej alma mater je&nbsp;Univerzita Komensk\u00e9ho, kde z\u00edskala vzdelanie z&nbsp;oblasti sociol\u00f3gie a&nbsp;nesk\u00f4r \u0161tudovala aj na&nbsp;Oxfordskej univerzite.  <a href=\"https:\/\/literarnenoviny.sk\/servis\/byvala-premierka-iveta-radicova-sa-stala-dekankou-fakulty-masmedii-paneuropskej-vysokej-skoly\/\" class=\"more-link\">Cel\u00e1 spr\u00e1va <span class=\"meta-nav\">&rarr;<\/span><\/a><\/p>\n","protected":false},"author":2,"featured_media":0,"comment_status":"closed","ping_status":"open","sticky":false,"template":"","format":"standard","meta":{"_links_to":"","_links_to_target":""},"categories":[1],"tags":[3,45,27],"_links":{"self":[{"href":"https:\/\/literarnenoviny.sk\/servis\/wp-json\/wp\/v2\/posts\/417"}],"collection":[{"href":"https:\/\/literarnenoviny.sk\/servis\/wp-json\/wp\/v2\/posts"}],"about":[{"href":"https:\/\/literarnenoviny.sk\/servis\/wp-json\/wp\/v2\/types\/post"}],"author":[{"embeddable":true,"href":"https:\/\/literarnenoviny.sk\/servis\/wp-json\/wp\/v2\/users\/2"}],"replies":[{"embeddable":true,"href":"https:\/\/literarnenoviny.sk\/servis\/wp-json\/wp\/v2\/comments?post=417"}],"version-history":[{"count":0,"href":"https:\/\/literarnenoviny.sk\/servis\/wp-json\/wp\/v2\/posts\/417\/revisions"}],"wp:attachment":[{"href":"https:\/\/literarnenoviny.sk\/servis\/wp-json\/wp\/v2\/media?parent=417"}],"wp:term":[{"taxonomy":"category","embeddable":true,"href":"https:\/\/literarnenoviny.sk\/servis\/wp-json\/wp\/v2\/categories?post=417"},{"taxonomy":"post_tag","embeddable":true,"href":"https:\/\/literarnenoviny.sk\/servis\/wp-json\/wp\/v2\/tags?post=417"}],"curies":[{"name":"wp","href":"https:\/\/api.w.org\/{rel}","templated":true}]}}