{"id":4129,"date":"2018-10-11T12:45:37","date_gmt":"2018-10-11T10:45:37","guid":{"rendered":"https:\/\/literarnenoviny.sk\/servis\/?p=4129"},"modified":"2018-10-11T22:19:28","modified_gmt":"2018-10-11T20:19:28","slug":"sefka-rozhlasoveho-spravodajstva-rtvs-zakazala-informovat-o-opozicnych-navrhoch","status":"publish","type":"post","link":"https:\/\/literarnenoviny.sk\/servis\/sefka-rozhlasoveho-spravodajstva-rtvs-zakazala-informovat-o-opozicnych-navrhoch\/","title":{"rendered":"\u0160\u00e9fka rozhlasov\u00e9ho spravodajstva RTVS zak\u00e1zala informova\u0165 o&nbsp;opozi\u010dn\u00fdch n\u00e1vrhoch"},"content":{"rendered":"<p><strong>\u0160\u00e9fka verejnopr\u00e1vneho rozhlasov\u00e9ho spravodajstva Petra Stano Ma\u0165a\u0161ovsk\u00e1 zak\u00e1zala informova\u0165 o&nbsp;n\u00e1vrhoch z\u00e1konov a&nbsp;noviel, ktor\u00e9 na&nbsp;rokovanie parlamentu predkladaj\u00fa opozi\u010dn\u00ed poslanci<\/strong>. Uv\u00e1dza sa&nbsp;to v&nbsp;internom dokumente, ktor\u00fd vypracovala. Inform\u00e1ciu priniesol port\u00e1l <em><a href=\"https:\/\/www.omediach.com\/strucne\/14098-interny-dokument-rtvs-kratke-spravodajstvo-pripomenutie-zasad\" rel=\"noopener\" target=\"_blank\">O m\u00e9di\u00e1ch<\/a><\/em>.<\/p>\n<p>Ma\u0165a\u0161ovsk\u00e1 ozna\u010dila opozi\u010dn\u00e9 n\u00e1vrhy za&nbsp;\u201e\u010dasto odborne nepripraven\u00e9, nesyst\u00e9mov\u00e9\u2026, ktor\u00e9 maj\u00fa sk\u00f4r zauja\u0165 verejnos\u0165, ako rie\u0161i\u0165 probl\u00e9m\u201c.<\/p>\n<p>Intern\u00fd materi\u00e1l taktie\u017e naria\u010fuje, aby zdroje pre&nbsp;pr\u00edpravu a&nbsp;vysielanie kr\u00e1tkeho spravodajstva boli v\u00fdlu\u010dne z&nbsp;agent\u00farnych servisov TASR, SITA a&nbsp;\u010cTK. Tieto z\u00e1sady v\u0161ak popieraj\u00fa z\u00e1kladn\u00e9 princ\u00edpy spravodajstva verejnopr\u00e1vneho m\u00e9dia a&nbsp;s\u00fa v&nbsp;rozpore so&nbsp;z\u00e1konom o&nbsp;RTVS.<\/p>\n<p><center><div class=\"gca-utility vertical-spacer\"><\/div>\n<blockquote class=\"twitter-tweet\" data-lang=\"sk\">\n<p lang=\"und\" dir=\"ltr\">RTVS potvrdila pravos\u0165 kontroverzn\u00e9ho dokumentu, Stano Ma\u0165a\u0161ovsk\u00e1 dostala napomenutie <a href=\"https:\/\/t.co\/TmUa0CnOJz\">https:\/\/t.co\/TmUa0CnOJz<\/a> <a href=\"https:\/\/t.co\/lvvTvlWb3B\">pic.twitter.com\/lvvTvlWb3B<\/a><\/p>\n<p>&mdash; O&nbsp;mediach (@Omediach) <a href=\"https:\/\/twitter.com\/Omediach\/status\/1050375671250325508?ref_src=twsrc%5Etfw\">11.&nbsp;okt\u00f3bra 2018<\/a><\/p><\/blockquote>\n<p><script async src=\"https:\/\/platform.twitter.com\/widgets.js\" charset=\"utf-8\"><\/script><div class=\"gca-utility vertical-spacer\"><\/div><\/center><\/p>\n<p>B\u00fdval\u00fd minister kult\u00fary Marek Ma\u010fari\u010d pre&nbsp;Aktuality.sk <a href=\"https:\/\/www.aktuality.sk\/clanok\/631439\/mika-reaguje-na-situaciu-v-rtvs-zverejnil-co-mu-pisal-fico\/\" rel=\"noopener\" target=\"_blank\">uviedol<\/a>, \u017ee&nbsp;ak je&nbsp;to naozaj dokument RTVS, tak ide o&nbsp;ve\u013ek\u00e9 poru\u0161enie z\u00e1sad verejnopr\u00e1vnosti.<\/p>\n<p>Verejnopr\u00e1vna in\u0161tit\u00facia potvrdila pravos\u0165 uniknut\u00e9ho dokumentu, nes\u00fahlas\u00ed v\u0161ak s&nbsp;interpret\u00e1ciou zverejnen\u00e9ho materi\u00e1lu, ktor\u00e1 je&nbsp;vraj vytrhnut\u00e1 z&nbsp;kontextu a&nbsp;nezodpoved\u00e1 realite. <\/p>\n<p>\u0160\u00e9fke rozhlasov\u00e9ho spravodajstva Petre Stano Ma\u0165a\u0161ovskej napriek tomu udelila napomenutie.<\/p>\n<p>Po\u017eiadavku na&nbsp;transparentn\u00fd v\u00fdber \u0161\u00e9fov spravodajstva presadzovali u\u017e&nbsp;pred \u010dasom aj Spravodajsk\u00e9 odbory, ktor\u00e9 za&nbsp;t\u00fdmto \u00fa\u010delom vznikli. Ich po\u017eiadavky v\u0161ak \u0161\u00e9f RTVS Jaroslav Rezn\u00edk ignoroval.<\/p>\n<p style=\"text-align: right;\"><small>&mdash;&nbsp;<a href=\"https:\/\/www.omediach.com\/blog\/14097-nove-pravidla-sefky-spravodajstva-rozhlasu-zakazuje-citovat-niektore-media-obmedzuje-informacie-o-opozicii-a-protestoch\" target=\"_blank\">O m\u00e9di\u00e1ch<\/a><\/small><\/p>\n","protected":false},"excerpt":{"rendered":"<p>\u0160\u00e9fka verejnopr\u00e1vneho rozhlasov\u00e9ho spravodajstva Petra Stano Ma\u0165a\u0161ovsk\u00e1 zak\u00e1zala informova\u0165 o&nbsp;n\u00e1vrhoch z\u00e1konov a&nbsp;noviel, ktor\u00e9 na&nbsp;rokovanie parlamentu predkladaj\u00fa opozi\u010dn\u00ed poslanci. Uv\u00e1dza sa&nbsp;to v&nbsp;internom dokumente, ktor\u00fd vypracovala. Inform\u00e1ciu priniesol port\u00e1l O&nbsp;m\u00e9di\u00e1ch. <a href=\"https:\/\/literarnenoviny.sk\/servis\/sefka-rozhlasoveho-spravodajstva-rtvs-zakazala-informovat-o-opozicnych-navrhoch\/\" class=\"more-link\">Cel\u00e1 spr\u00e1va <span class=\"meta-nav\">&rarr;<\/span><\/a><\/p>\n","protected":false},"author":2,"featured_media":0,"comment_status":"closed","ping_status":"closed","sticky":false,"template":"","format":"standard","meta":{"_links_to":"","_links_to_target":""},"categories":[1],"tags":[37,33,27],"_links":{"self":[{"href":"https:\/\/literarnenoviny.sk\/servis\/wp-json\/wp\/v2\/posts\/4129"}],"collection":[{"href":"https:\/\/literarnenoviny.sk\/servis\/wp-json\/wp\/v2\/posts"}],"about":[{"href":"https:\/\/literarnenoviny.sk\/servis\/wp-json\/wp\/v2\/types\/post"}],"author":[{"embeddable":true,"href":"https:\/\/literarnenoviny.sk\/servis\/wp-json\/wp\/v2\/users\/2"}],"replies":[{"embeddable":true,"href":"https:\/\/literarnenoviny.sk\/servis\/wp-json\/wp\/v2\/comments?post=4129"}],"version-history":[{"count":0,"href":"https:\/\/literarnenoviny.sk\/servis\/wp-json\/wp\/v2\/posts\/4129\/revisions"}],"wp:attachment":[{"href":"https:\/\/literarnenoviny.sk\/servis\/wp-json\/wp\/v2\/media?parent=4129"}],"wp:term":[{"taxonomy":"category","embeddable":true,"href":"https:\/\/literarnenoviny.sk\/servis\/wp-json\/wp\/v2\/categories?post=4129"},{"taxonomy":"post_tag","embeddable":true,"href":"https:\/\/literarnenoviny.sk\/servis\/wp-json\/wp\/v2\/tags?post=4129"}],"curies":[{"name":"wp","href":"https:\/\/api.w.org\/{rel}","templated":true}]}}