{"id":4108,"date":"2018-10-09T17:00:27","date_gmt":"2018-10-09T15:00:27","guid":{"rendered":"https:\/\/literarnenoviny.sk\/servis\/?p=4108"},"modified":"2018-10-09T22:29:44","modified_gmt":"2018-10-09T20:29:44","slug":"vo-frankfurte-nad-mohanom-sa-zacal-70-rocnik-medzinarodneho-knizneho-veltrhu","status":"publish","type":"post","link":"https:\/\/literarnenoviny.sk\/servis\/vo-frankfurte-nad-mohanom-sa-zacal-70-rocnik-medzinarodneho-knizneho-veltrhu\/","title":{"rendered":"Vo Frankfurte nad Mohanom sa&nbsp;za\u010dal 70.&nbsp;ro\u010dn\u00edk medzin\u00e1rodn\u00e9ho kni\u017en\u00e9ho ve\u013etrhu"},"content":{"rendered":"<p><strong>U\u017e 70.&nbsp;ro\u010dn\u00edk tradi\u010dn\u00e9ho <a href=\"https:\/\/www.buchmesse.de\/\" rel=\"noopener\" target=\"_blank\">medzin\u00e1rodn\u00e9ho kni\u017en\u00e9ho ve\u013etrhu<\/a> sa&nbsp;za\u010dal v&nbsp;nemeckom Frankfurte nad Mohanom<\/strong>, a&nbsp;to za&nbsp;\u00fa\u010dasti \u0161\u00e9fky eur\u00f3pskej diplomacie Federicy Mogheriniovej.<\/p>\n<p>V predve\u010der otvorenia najv\u00e4\u010d\u0161ej prehliadky svojho druhu na&nbsp;svete zverejnili meno laure\u00e1tky <a href=\"https:\/\/literarnenoviny.sk\/servis\/prestiznu-deutschen-buchpreis-ziskala-nemecka-spisovatelka-inger-maria-mahlkeova\/\" rel=\"noopener\" target=\"_blank\">Nemeckej kni\u017enej ceny 2018<\/a>, ktorou sa&nbsp;stala nemeck\u00e1 spisovate\u013eka Inger-Maria Mahlkeov\u00e1 so&nbsp;svoj\u00edm rom\u00e1nom <em><strong>Archipel<\/strong> (S\u00faostrovie)<\/em>.<\/p>\n<p><center><div class=\"gca-utility vertical-spacer\"><\/div>\n<blockquote class=\"twitter-tweet\" data-lang=\"sk\">\n<p lang=\"en\" dir=\"ltr\">The Frankfurt Pavilion. <a href=\"https:\/\/twitter.com\/hashtag\/fbm18?src=hash&amp;ref_src=twsrc%5Etfw\">#fbm18<\/a> <a href=\"https:\/\/t.co\/2aqAc7xu9T\">pic.twitter.com\/2aqAc7xu9T<\/a><\/p>\n<p>&mdash; FrankfurterBuchmesse (@Book_Fair) <a href=\"https:\/\/twitter.com\/Book_Fair\/status\/1049648403632807936?ref_src=twsrc%5Etfw\">9.&nbsp;okt\u00f3bra 2018<\/a><\/p><\/blockquote>\n<p><script async src=\"https:\/\/platform.twitter.com\/widgets.js\" charset=\"utf-8\"><\/script><div class=\"gca-utility vertical-spacer\"><\/div><\/center><\/p>\n<p>V dejisku ve\u013etrhu o\u010dak\u00e1vaj\u00fa stovky autorov z&nbsp;nemecky hovoriacich kraj\u00edn, ale aj z\u00e1stupcov in\u00fdch literat\u00far. Organiz\u00e1tori d\u00fafaj\u00fa v&nbsp;\u00fa\u010das\u0165 spisovate\u013eov ako Jussi Adler-Olsen, Sebastian Fitzek, Robert Seethaler, Martin Suter, Benedict Wells, Juli Zeh \u010di&nbsp;Jonas Jonasson, Paul Beatty a&nbsp;\u010fal\u0161\u00ed.<\/p>\n<p>\u010cestn\u00fdm hos\u0165om podujatia, na&nbsp;ktorom predstav\u00ed kni\u017en\u00e9 novinky okolo 7&nbsp;000 vystavovate\u013eov zo&nbsp;105 kraj\u00edn sveta, je&nbsp;tentoraz Gruz\u00ednsko.<\/p>\n<p>Prv\u00e9 tri dni frankfurtsk\u00e9ho kni\u017en\u00e9ho ve\u013etrhu s\u00fa ur\u010den\u00e9 odbornej, dva v\u00edkendov\u00e9 potom aj \u0161irokej verejnosti.<\/p>\n<p style=\"text-align: right;\"><small>&mdash;&nbsp;<a href=\"https:\/\/www.buchmesse.de\/\" target=\"_blank\">Frankfurter Buchmesse<\/a><\/small><\/p>\n","protected":false},"excerpt":{"rendered":"<p>U\u017e 70.&nbsp;ro\u010dn\u00edk tradi\u010dn\u00e9ho medzin\u00e1rodn\u00e9ho kni\u017en\u00e9ho ve\u013etrhu sa&nbsp;za\u010dal v&nbsp;nemeckom Frankfurte nad Mohanom, a&nbsp;to za&nbsp;\u00fa\u010dasti \u0161\u00e9fky eur\u00f3pskej diplomacie Federicy Mogheriniovej. V&nbsp;dejisku ve\u013etrhu o\u010dak\u00e1vaj\u00fa stovky autorov z&nbsp;nemecky hovoriacich kraj\u00edn, ale aj z\u00e1stupcov in\u00fdch literat\u00far. <a href=\"https:\/\/literarnenoviny.sk\/servis\/vo-frankfurte-nad-mohanom-sa-zacal-70-rocnik-medzinarodneho-knizneho-veltrhu\/\" class=\"more-link\">Cel\u00e1 spr\u00e1va <span class=\"meta-nav\">&rarr;<\/span><\/a><\/p>\n","protected":false},"author":2,"featured_media":0,"comment_status":"closed","ping_status":"closed","sticky":false,"template":"","format":"standard","meta":{"_links_to":"","_links_to_target":""},"categories":[1],"tags":[14,21,8,100],"_links":{"self":[{"href":"https:\/\/literarnenoviny.sk\/servis\/wp-json\/wp\/v2\/posts\/4108"}],"collection":[{"href":"https:\/\/literarnenoviny.sk\/servis\/wp-json\/wp\/v2\/posts"}],"about":[{"href":"https:\/\/literarnenoviny.sk\/servis\/wp-json\/wp\/v2\/types\/post"}],"author":[{"embeddable":true,"href":"https:\/\/literarnenoviny.sk\/servis\/wp-json\/wp\/v2\/users\/2"}],"replies":[{"embeddable":true,"href":"https:\/\/literarnenoviny.sk\/servis\/wp-json\/wp\/v2\/comments?post=4108"}],"version-history":[{"count":0,"href":"https:\/\/literarnenoviny.sk\/servis\/wp-json\/wp\/v2\/posts\/4108\/revisions"}],"wp:attachment":[{"href":"https:\/\/literarnenoviny.sk\/servis\/wp-json\/wp\/v2\/media?parent=4108"}],"wp:term":[{"taxonomy":"category","embeddable":true,"href":"https:\/\/literarnenoviny.sk\/servis\/wp-json\/wp\/v2\/categories?post=4108"},{"taxonomy":"post_tag","embeddable":true,"href":"https:\/\/literarnenoviny.sk\/servis\/wp-json\/wp\/v2\/tags?post=4108"}],"curies":[{"name":"wp","href":"https:\/\/api.w.org\/{rel}","templated":true}]}}