{"id":4098,"date":"2018-10-09T06:45:37","date_gmt":"2018-10-09T04:45:37","guid":{"rendered":"https:\/\/literarnenoviny.sk\/servis\/?p=4098"},"modified":"2018-10-09T22:47:53","modified_gmt":"2018-10-09T20:47:53","slug":"prestiznu-deutschen-buchpreis-ziskala-nemecka-spisovatelka-inger-maria-mahlkeova","status":"publish","type":"post","link":"https:\/\/literarnenoviny.sk\/servis\/prestiznu-deutschen-buchpreis-ziskala-nemecka-spisovatelka-inger-maria-mahlkeova\/","title":{"rendered":"Prest\u00ed\u017enu Deutschen Buchpreis z\u00edskala nemeck\u00e1 spisovate\u013eka Inger-Maria Mahlkeov\u00e1"},"content":{"rendered":"<p><strong>Prest\u00ed\u017enu <a href=\"https:\/\/www.deutscher-buchpreis.de\/\" rel=\"noopener\" target=\"_blank\">Deutschen Buchpreis<\/a> z\u00edskala rod\u00e1\u010dka z&nbsp;Hamburgu \u017eij\u00faca vo&nbsp;Viedni <a href=\"https:\/\/de.wikipedia.org\/wiki\/Inger-Maria_Mahlke\" rel=\"noopener\" target=\"_blank\">Inger-Maria Mahlkeov\u00e1<\/a> za&nbsp;rom\u00e1n <em><a href=\"https:\/\/www.amazon.de\/Archipel-Inger-Maria-Mahlke\/dp\/3498042246\" rel=\"noopener\" target=\"_blank\">Archipel<\/a> (S\u00faostrovie)<\/em><\/strong>, ktor\u00fd sa&nbsp;odohr\u00e1va na&nbsp;Kan\u00e1rskych ostrovoch. Dr\u017eite\u013e ocenenia za&nbsp;najlep\u0161iu knihu roka vydan\u00fa v&nbsp;nem\u010dine sa&nbsp;ka\u017edoro\u010dne zverej\u0148uje v&nbsp;predve\u010der za\u010diatku <a href=\"https:\/\/www.buchmesse.de\" rel=\"noopener\" target=\"_blank\">frankfurtsk\u00e9ho kni\u017en\u00e9ho ve\u013etrhu<\/a>.<\/p>\n<p>Po piatich rokoch z\u00edskala najd\u00f4le\u017eitej\u0161i\u00fa nemeck\u00fa kni\u017en\u00fa cenu op\u00e4\u0165 \u017eena.<\/p>\n<p>Autorka str\u00e1vila \u010das\u0165 svojho detstva pr\u00e1ve na&nbsp;Kan\u00e1rskych ostrovoch. Vy\u0161tudovala pr\u00e1vo na&nbsp;berl\u00ednskej <a href=\"https:\/\/www.fu-berlin.de\/\" rel=\"noopener\" target=\"_blank\">Freien Universit\u00e4t<\/a> a&nbsp;predt\u00fdm, ako sa&nbsp;za\u010dala naplno venova\u0165 p\u00edsaniu, pracovala na&nbsp;Katedre kriminol\u00f3gie. Archipel je&nbsp;jej \u0161tvrt\u00fdm rom\u00e1nom.<\/p>\n<p><center><div class=\"gca-utility vertical-spacer\"><\/div>\n<blockquote class=\"twitter-tweet\" data-lang=\"sk\">\n<p lang=\"de\" dir=\"ltr\">Gl\u00fcckwunsch an Inger-Maria Mahlke (\u2066<a href=\"https:\/\/twitter.com\/rowohlt?ref_src=twsrc%5Etfw\">@rowohlt<\/a>\u2069) zum \u2066<a href=\"https:\/\/twitter.com\/Buchpreis?ref_src=twsrc%5Etfw\">@Buchpreis<\/a>\u2069! <a href=\"https:\/\/twitter.com\/hashtag\/dbp18?src=hash&amp;ref_src=twsrc%5Etfw\">#dbp18<\/a> <a href=\"https:\/\/twitter.com\/hashtag\/fbm18?src=hash&amp;ref_src=twsrc%5Etfw\">#fbm18<\/a>  <a href=\"https:\/\/t.co\/DjwSoTSTv9\">https:\/\/t.co\/DjwSoTSTv9<\/a><\/p>\n<p>&mdash; Was mit B\u00fcchern (@wasmitbuechern) <a href=\"https:\/\/twitter.com\/wasmitbuechern\/status\/1049390267214848003?ref_src=twsrc%5Etfw\">8.&nbsp;okt\u00f3bra 2018<\/a><\/p><\/blockquote>\n<p><script async src=\"https:\/\/platform.twitter.com\/widgets.js\" charset=\"utf-8\"><\/script><div class=\"gca-utility vertical-spacer\"><\/div><\/center><\/p>\n<p>Pr\u00edbeh v&nbsp;17 kapitol\u00e1ch retrospekt\u00edvne a\u017e do&nbsp;roku 1919 zobrazuje fresku \u017eivotov, svadieb, rozvodov a&nbsp;\u00famrt\u00ed, obchodu s&nbsp;nehnute\u013enos\u0165ami i&nbsp;cestovn\u00e9ho ruchu na&nbsp;Kan\u00e1rskych ostrovoch, pokus o&nbsp;\u0161t\u00e1tny prevrat, vojnu v&nbsp;Z\u00e1padnej Sahare, diktat\u00faru gener\u00e1la Franca i&nbsp;\u0161panielsku ob\u010diansku vojnu.<\/p>\n<p>Nemeck\u00e1 kni\u017en\u00e1 cena bola prv\u00fdkr\u00e1t udelen\u00e1 v&nbsp;roku 2005. V\u00ed\u0165az z\u00edskava 25&nbsp;000&nbsp;eur. Sedem\u010dlenn\u00e1 porota vo&nbsp;viacstup\u0148ovom procese predt\u00fdm ur\u010d\u00ed \u0161iestich finalistov.<\/p>\n<p>V uplynulom roku bol ocenen\u00fd rak\u00fasky spisovate\u013e Robert Menasse so&nbsp;svoj\u00edm rom\u00e1nom <a href=\"https:\/\/literarnenoviny.sk\/clanky\/osviencim-hlavne-mesto-europy\/\" rel=\"noopener\" target=\"_blank\">Die Hauptstadt <em>(Hlavn\u00e9 mesto)<\/a><\/em>. <\/p>\n<p style=\"text-align: right;\"><small>&mdash;&nbsp;<a href=\"http:\/\/www.faz.net\/aktuell\/feuilleton\/buchmesse\/trubel\/inger-maria-mahlke-erhaelt-den-deutschen-buchpreis-2018-15827999.html\" target=\"_blank\">Frankfurter Allgemeine Zeitung<\/a><\/small><\/p>\n","protected":false},"excerpt":{"rendered":"<p>Prest\u00ed\u017enu Deutschen Buchpreis z\u00edskala rod\u00e1\u010dka z&nbsp;Hamburgu \u017eij\u00faca vo&nbsp;Viedni Inger-Maria Mahlkeov\u00e1 za&nbsp;rom\u00e1n S\u00faostrovie, ktor\u00fd sa&nbsp;odohr\u00e1va na&nbsp;Kan\u00e1rskych ostrovoch. Dr\u017eite\u013e ocenenia za&nbsp;najlep\u0161iu knihu roka vydan\u00fa v&nbsp;nem\u010dine sa&nbsp;ka\u017edoro\u010dne zverej\u0148uje v&nbsp;predve\u010der za\u010diatku frankfurtsk\u00e9ho kni\u017en\u00e9ho ve\u013etrhu. <a href=\"https:\/\/literarnenoviny.sk\/servis\/prestiznu-deutschen-buchpreis-ziskala-nemecka-spisovatelka-inger-maria-mahlkeova\/\" class=\"more-link\">Cel\u00e1 spr\u00e1va <span class=\"meta-nav\">&rarr;<\/span><\/a><\/p>\n","protected":false},"author":2,"featured_media":0,"comment_status":"closed","ping_status":"closed","sticky":false,"template":"","format":"standard","meta":{"_links_to":"","_links_to_target":""},"categories":[1],"tags":[14,21],"_links":{"self":[{"href":"https:\/\/literarnenoviny.sk\/servis\/wp-json\/wp\/v2\/posts\/4098"}],"collection":[{"href":"https:\/\/literarnenoviny.sk\/servis\/wp-json\/wp\/v2\/posts"}],"about":[{"href":"https:\/\/literarnenoviny.sk\/servis\/wp-json\/wp\/v2\/types\/post"}],"author":[{"embeddable":true,"href":"https:\/\/literarnenoviny.sk\/servis\/wp-json\/wp\/v2\/users\/2"}],"replies":[{"embeddable":true,"href":"https:\/\/literarnenoviny.sk\/servis\/wp-json\/wp\/v2\/comments?post=4098"}],"version-history":[{"count":0,"href":"https:\/\/literarnenoviny.sk\/servis\/wp-json\/wp\/v2\/posts\/4098\/revisions"}],"wp:attachment":[{"href":"https:\/\/literarnenoviny.sk\/servis\/wp-json\/wp\/v2\/media?parent=4098"}],"wp:term":[{"taxonomy":"category","embeddable":true,"href":"https:\/\/literarnenoviny.sk\/servis\/wp-json\/wp\/v2\/categories?post=4098"},{"taxonomy":"post_tag","embeddable":true,"href":"https:\/\/literarnenoviny.sk\/servis\/wp-json\/wp\/v2\/tags?post=4098"}],"curies":[{"name":"wp","href":"https:\/\/api.w.org\/{rel}","templated":true}]}}