{"id":3970,"date":"2018-09-20T16:14:51","date_gmt":"2018-09-20T14:14:51","guid":{"rendered":"https:\/\/literarnenoviny.sk\/servis\/?p=3970"},"modified":"2018-09-24T14:35:18","modified_gmt":"2018-09-24T12:35:18","slug":"prezidentkou-filmovej-a-televiznej-akademie-bude-producentka-wanda-adamik-hrycova","status":"publish","type":"post","link":"https:\/\/literarnenoviny.sk\/servis\/prezidentkou-filmovej-a-televiznej-akademie-bude-producentka-wanda-adamik-hrycova\/","title":{"rendered":"Prezidentkou filmovej a&nbsp;telev\u00edznej akad\u00e9mie bude producentka Wanda Adam\u00edk Hrycov\u00e1"},"content":{"rendered":"<p><strong>Prez\u00eddium Slovenskej filmovej a&nbsp;telev\u00edznej akad\u00e9mie zvolilo nov\u00fa prezidentku. Stala sa&nbsp;\u0148ou filmov\u00e1 producentka Wanda Adam\u00edk Hrycov\u00e1<\/strong>, ktor\u00e1 vo&nbsp;funkcii vystriedala re\u017eis\u00e9ra Martina \u0160ul\u00edka.<\/p>\n<p>Hrycov\u00e1 m\u00e1 pracovn\u00e9 sk\u00fasenosti z&nbsp;oblasti divadla, telev\u00edzie i&nbsp;filmu. P\u00f4sobila ako riadite\u013eka Divadla Nov\u00e1 sc\u00e9na a&nbsp;st\u00e1la tie\u017e na&nbsp;\u010dele telev\u00edznej produk\u010dnej spolo\u010dnosti MediaPro Entertainment Slovakia.<\/p>\n<p>V roku 2007 zalo\u017eila spolo\u010dnos\u0165 Wandal Production, do&nbsp;ktorej portf\u00f3lia patr\u00ed aj \u00faspe\u0161n\u00fd film <em>\u010ciara<\/em>. Krimin\u00e1lny triler re\u017eis\u00e9ra Petra Bebjaka z\u00edskal v&nbsp;apr\u00edli \u0161es\u0165 n\u00e1rodn\u00fdch filmov\u00fdch cien Slnko v&nbsp;sieti za&nbsp;rok 2017 vr\u00e1tane ocenenia pre&nbsp;najlep\u0161\u00ed dom\u00e1ci film.<\/p>\n<p>Prez\u00eddium SFTA m\u00e1 sedem \u010dlenov. Okrem prezidentky ho tvor\u00ed dvojica viceprezidentov &#8211; producentka Mirka Grimaldi a&nbsp;scen\u00e1rista Marek Le\u0161\u010d\u00e1k.<\/p>\n<p style=\"text-align: right;\"><small>&mdash;&nbsp;<a href=\"https:\/\/medialne.etrend.sk\/televizia\/prezidentkou-filmovej-a-televizie-akademie-bude-adamik-hrycova.html\" target=\"_blank\">Medi\u00e1lne.sk<\/a><\/small><\/p>\n","protected":false},"excerpt":{"rendered":"<p>Prez\u00eddium Slovenskej filmovej a&nbsp;telev\u00edznej akad\u00e9mie zvolilo nov\u00fa prezidentku. Stala sa&nbsp;\u0148ou filmov\u00e1 producentka Wanda Adam\u00edk Hrycov\u00e1, ktor\u00e1 vo&nbsp;funkcii vystriedala re\u017eis\u00e9ra Martina \u0160ul\u00edka. Nastupuj\u00faca prezidentka zalo\u017eila spolo\u010dnos\u0165 Wandal Production, ktor\u00e1 realizovala aj \u00faspe\u0161n\u00fd film \u010ciara. <a href=\"https:\/\/literarnenoviny.sk\/servis\/prezidentkou-filmovej-a-televiznej-akademie-bude-producentka-wanda-adamik-hrycova\/\" class=\"more-link\">Cel\u00e1 spr\u00e1va <span class=\"meta-nav\">&rarr;<\/span><\/a><\/p>\n","protected":false},"author":2,"featured_media":0,"comment_status":"closed","ping_status":"closed","sticky":false,"template":"","format":"standard","meta":{"_links_to":"","_links_to_target":""},"categories":[1],"tags":[16,3],"_links":{"self":[{"href":"https:\/\/literarnenoviny.sk\/servis\/wp-json\/wp\/v2\/posts\/3970"}],"collection":[{"href":"https:\/\/literarnenoviny.sk\/servis\/wp-json\/wp\/v2\/posts"}],"about":[{"href":"https:\/\/literarnenoviny.sk\/servis\/wp-json\/wp\/v2\/types\/post"}],"author":[{"embeddable":true,"href":"https:\/\/literarnenoviny.sk\/servis\/wp-json\/wp\/v2\/users\/2"}],"replies":[{"embeddable":true,"href":"https:\/\/literarnenoviny.sk\/servis\/wp-json\/wp\/v2\/comments?post=3970"}],"version-history":[{"count":0,"href":"https:\/\/literarnenoviny.sk\/servis\/wp-json\/wp\/v2\/posts\/3970\/revisions"}],"wp:attachment":[{"href":"https:\/\/literarnenoviny.sk\/servis\/wp-json\/wp\/v2\/media?parent=3970"}],"wp:term":[{"taxonomy":"category","embeddable":true,"href":"https:\/\/literarnenoviny.sk\/servis\/wp-json\/wp\/v2\/categories?post=3970"},{"taxonomy":"post_tag","embeddable":true,"href":"https:\/\/literarnenoviny.sk\/servis\/wp-json\/wp\/v2\/tags?post=3970"}],"curies":[{"name":"wp","href":"https:\/\/api.w.org\/{rel}","templated":true}]}}