{"id":3960,"date":"2018-09-24T10:45:56","date_gmt":"2018-09-24T08:45:56","guid":{"rendered":"https:\/\/literarnenoviny.sk\/servis\/?p=3960"},"modified":"2020-10-15T22:06:39","modified_gmt":"2020-10-15T20:06:39","slug":"vo-veku-72-rokov-podlahla-zakernej-chorobe-znama-slovenska-spevacka-jana-kocianova","status":"publish","type":"post","link":"https:\/\/literarnenoviny.sk\/servis\/vo-veku-72-rokov-podlahla-zakernej-chorobe-znama-slovenska-spevacka-jana-kocianova\/","title":{"rendered":"Vo veku 72 rokov pod\u013eahla z\u00e1kernej chorobe zn\u00e1ma slovensk\u00e1 spev\u00e1\u010dka Jana Kocianov\u00e1"},"content":{"rendered":"<p><strong>Vo veku 72 rokov pod\u013eahla z\u00e1kernej chorobe zn\u00e1ma slovensk\u00e1 spev\u00e1\u010dka <a href=\"https:\/\/sk.wikipedia.org\/wiki\/Jana_Kocianov\u00e1\" rel=\"noopener noreferrer\" target=\"_blank\">Jana Kocianov\u00e1<\/a><\/strong>. Bola zn\u00e1ma predov\u0161etk\u00fdm v\u010faka hitom <em>Zaho\u010f starosti<\/em>, <em>P\u00e1r n\u00f4t<\/em>, <em>Nekone\u010dn\u00e1 l\u00e1ska<\/em> alebo <em>Ka\u017ed\u00fd de\u0148<\/em>. <\/p>\n<p>Jej \u017e\u00e1nrov\u00fd z\u00e1ber bol ove\u013ea \u0161ir\u0161\u00ed. U\u017e&nbsp;od&nbsp;detstva milovala <em>\u201e\u010diernu hudbu\u201c<\/em> v&nbsp;podan\u00ed Mahalie Jacksonovej, Elly Fitzgeraldovej \u010di&nbsp;Arethy Franklinovej. <\/p>\n<p><center><div class=\"gca-utility vertical-spacer\"><\/div><iframe loading=\"lazy\" width=\"560\" height=\"315\" src=\"https:\/\/www.youtube.com\/embed\/MrHIgaoITlQ?rel=0&amp;showinfo=0&amp;start=0\" frameborder=\"0\" allow=\"autoplay; encrypted-media\" allowfullscreen><\/iframe><div class=\"gca-utility vertical-spacer\"><\/div><\/center><\/p>\n<p>Okrem soulu, gospelu a&nbsp;blues v\u0161ak mala bl\u00edzko aj k&nbsp;\u013eudovej hudbe a&nbsp;s&nbsp;ob\u013eubou spievala cig\u00e1nske piesne.<\/p>\n<p>V roku 1968 zv\u00ed\u0165azila s&nbsp;Gershwinovou skladbou <em><a href=\"https:\/\/en.wikipedia.org\/wiki\/Summertime_(George_Gershwin_song)\" rel=\"noopener noreferrer\" target=\"_blank\">Summertime<\/a><\/em> v&nbsp;telev\u00edznej s\u00fa\u0165a\u017ei Zlat\u00e1 kamera. Prv\u00fa nahr\u00e1vku vydala v&nbsp;roku 1972, posledn\u00fa s&nbsp;n\u00e1zvom <em>Ot\u010den\u00e1\u0161<\/em> pred deviatimi rokmi.<\/p>\n<p>\u00da\u010dinkovala v&nbsp;sl\u00e1vnej bratislavskej Tatra revue, dva roky bola zboristkou v&nbsp;skupine Karla Gotta. Trikr\u00e1t uspela na&nbsp;Bratislavskej l\u00fdre a&nbsp;v&nbsp;rokoch 1971-75 dostala cenu vydavate\u013estva Opus ako najpred\u00e1vanej\u0161\u00ed slovensk\u00fd interpret popul\u00e1rnej hudby.<\/p>\n<p>Jana Kocianov\u00e1 po\u010das normaliz\u00e1cie pomohla po&nbsp;z\u00e1kaze dvojici Lasica a&nbsp;Satinsk\u00fd k&nbsp;n\u00e1vratu na&nbsp;p\u00f3di\u00e1. Texty pre&nbsp;\u0148u p\u00edsal aj legend\u00e1rny <a href=\"https:\/\/sk.wikipedia.org\/wiki\/De\u017eo_Ursiny\" rel=\"noopener noreferrer\" target=\"_blank\">De\u017eo Ursiny<\/a>.<\/p>\n<p style=\"text-align: right;\"><small>&mdash;&nbsp;<a href=\"https:\/\/www.cas.sk\/clanok\/744417\/smutna-sprava-zomrela-spevacka-jana-kocianova-72\/\" target=\"_blank\" rel=\"noopener noreferrer\">\u010cas.sk<\/a><\/small><\/p>\n","protected":false},"excerpt":{"rendered":"<p>Vo veku 72 rokov pod\u013eahla z\u00e1kernej chorobe zn\u00e1ma slovensk\u00e1 spev\u00e1\u010dka Jana Kocianov\u00e1. Bola zn\u00e1ma predov\u0161etk\u00fdm v\u010faka hitom Zaho\u010f starosti, P\u00e1r n\u00f4t, Nekone\u010dn\u00e1 l\u00e1ska alebo Ka\u017ed\u00fd de\u0148. Prv\u00fa nahr\u00e1vku vydala v&nbsp;roku 1972, posledn\u00fa s&nbsp;n\u00e1zvom Ot\u010den\u00e1\u0161 pred deviatimi rokmi. <a href=\"https:\/\/literarnenoviny.sk\/servis\/vo-veku-72-rokov-podlahla-zakernej-chorobe-znama-slovenska-spevacka-jana-kocianova\/\" class=\"more-link\">Cel\u00e1 spr\u00e1va <span class=\"meta-nav\">&rarr;<\/span><\/a><\/p>\n","protected":false},"author":2,"featured_media":0,"comment_status":"closed","ping_status":"closed","sticky":false,"template":"","format":"standard","meta":{"_links_to":"","_links_to_target":""},"categories":[1],"tags":[60,3,209],"_links":{"self":[{"href":"https:\/\/literarnenoviny.sk\/servis\/wp-json\/wp\/v2\/posts\/3960"}],"collection":[{"href":"https:\/\/literarnenoviny.sk\/servis\/wp-json\/wp\/v2\/posts"}],"about":[{"href":"https:\/\/literarnenoviny.sk\/servis\/wp-json\/wp\/v2\/types\/post"}],"author":[{"embeddable":true,"href":"https:\/\/literarnenoviny.sk\/servis\/wp-json\/wp\/v2\/users\/2"}],"replies":[{"embeddable":true,"href":"https:\/\/literarnenoviny.sk\/servis\/wp-json\/wp\/v2\/comments?post=3960"}],"version-history":[{"count":0,"href":"https:\/\/literarnenoviny.sk\/servis\/wp-json\/wp\/v2\/posts\/3960\/revisions"}],"wp:attachment":[{"href":"https:\/\/literarnenoviny.sk\/servis\/wp-json\/wp\/v2\/media?parent=3960"}],"wp:term":[{"taxonomy":"category","embeddable":true,"href":"https:\/\/literarnenoviny.sk\/servis\/wp-json\/wp\/v2\/categories?post=3960"},{"taxonomy":"post_tag","embeddable":true,"href":"https:\/\/literarnenoviny.sk\/servis\/wp-json\/wp\/v2\/tags?post=3960"}],"curies":[{"name":"wp","href":"https:\/\/api.w.org\/{rel}","templated":true}]}}