{"id":3917,"date":"2018-09-14T11:45:32","date_gmt":"2018-09-14T09:45:32","guid":{"rendered":"https:\/\/literarnenoviny.sk\/servis\/?p=3917"},"modified":"2018-09-14T12:27:46","modified_gmt":"2018-09-14T10:27:46","slug":"producenti-pripravovaneho-ceskeho-filmu-hovory-s-tgm-zverejnili-jeho-prvy-trailer","status":"publish","type":"post","link":"https:\/\/literarnenoviny.sk\/servis\/producenti-pripravovaneho-ceskeho-filmu-hovory-s-tgm-zverejnili-jeho-prvy-trailer\/","title":{"rendered":"Producenti pripravovan\u00e9ho \u010desk\u00e9ho filmu Hovory s&nbsp;TGM zverejnili jeho prv\u00fd trailer"},"content":{"rendered":"<p><strong>Producenti pripravovan\u00e9ho \u010desk\u00e9ho filmu in\u0161pirovan\u00e9ho zn\u00e1mou knihou Karla \u010capka <em><a href=\"https:\/\/www.martinus.sk\/?uItem=151466&#038;z=WLGC7F&#038;utm_source=z%3DWLGC7F&#038;utm_medium=url&#038;utm_campaign=partner\" rel=\"noopener\" target=\"_blank\">Hovory s&nbsp;TGM<\/a><\/em> zverejnili jeho prv\u00fd trailer<\/strong>.<\/p>\n<p>Historick\u00e1 sn\u00edmka spolo\u010dnosti <a href=\"https:\/\/bednafilms.cz\/projekty\/hovory-s-tgm\/\" rel=\"noopener\" target=\"_blank\">Bedna Films<\/a> opisuje, ako \u010capek v&nbsp;roku 1928 vyh\u013ead\u00e1 v&nbsp;z\u00e1hrade topo\u013e\u010dianskeho z\u00e1mku vtedaj\u0161ieho \u010deskoslovensk\u00e9ho prezidenta Tom\u00e1\u0161a Garrigue Masaryka, aby mu pon\u00fakol \u010das\u0165 svojho honor\u00e1ru za&nbsp;knihu ich hovorov. <\/p>\n<p>Prezidentovi v\u0161ak dc\u00e9ra zak\u00e1zala knihu vyda\u0165 a&nbsp; naliehaj\u00faci spisovate\u013e sa&nbsp;postupne ponor\u00ed do&nbsp;vzru\u0161enej debaty s&nbsp;Masarykom. <\/p>\n<p><center><div class=\"gca-utility vertical-spacer\"><\/div><iframe loading=\"lazy\" width=\"560\" height=\"315\" src=\"https:\/\/www.youtube.com\/embed\/V7mTIpkx24g?rel=0&amp;showinfo=0&amp;start=0\" frameborder=\"0\" allow=\"autoplay; encrypted-media\" allowfullscreen><\/iframe><div class=\"gca-utility vertical-spacer\"><\/div><\/center><\/p>\n<p>Scen\u00e1rista Pavel Kosat\u00edk okrem <a href=\"https:\/\/www.martinus.sk\/?uItem=151466&#038;z=WLGC7F&#038;utm_source=z%3DWLGC7F&#038;utm_medium=url&#038;utm_campaign=partner\" rel=\"noopener\" target=\"_blank\">samotnej knihy<\/a> vych\u00e1dzal aj z&nbsp;doteraz nezverejnen\u00fdch Masarykov\u00fdch listov. Hlavn\u00e9 a&nbsp;prakticky jedin\u00e9 postavy filmu Karla \u010capka a&nbsp;prezidenta Masaryka stv\u00e1rnili herci Jan Buda\u0159 a&nbsp;Martin Huba. <\/p>\n<p>Premi\u00e9ra filmu bude 18.&nbsp;okt\u00f3bra &#8211; v&nbsp;de\u0148 100.&nbsp;v\u00fdro\u010dia tzv.&nbsp;<a href=\"https:\/\/sk.wikipedia.org\/wiki\/Washingtonsk\u00e1_deklar\u00e1cia\" rel=\"noopener\" target=\"_blank\">Washingtonskej deklar\u00e1cie<\/a> a&nbsp;ofici\u00e1lneho vzniku \u010cesko-Slovenska. <\/p>\n<p>Tento rok taktie\u017e uplynie 80 rokov od&nbsp;smrti spisovate\u013ea <a href=\"https:\/\/cs.wikipedia.org\/wiki\/Karel_\u010capek\" rel=\"noopener\" target=\"_blank\">Karla \u010capka<\/a>.<\/p>\n<p style=\"text-align: right;\"><small>&mdash;&nbsp;<a href=\"https:\/\/www.reflex.cz\/clanek\/filmy-a-serialy\/89869\/budar-jako-capek-huba-jako-masaryk-novy-cesky-film-hovory-s-tgm-se-predstavuje-v-prvni-ukazce.html\" target=\"_blank\">Reflex<\/a><\/small><\/p>\n","protected":false},"excerpt":{"rendered":"<p>Producenti pripravovan\u00e9ho \u010desk\u00e9ho filmu in\u0161pirovan\u00e9ho zn\u00e1mou knihou Karla \u010capka Hovory s&nbsp;TGM zverejnili jeho prv\u00fd trailer. Historick\u00e1 sn\u00edmka spolo\u010dnosti Bedna Films opisuje, ako \u010capek v&nbsp;roku 1928 vyh\u013ead\u00e1 v&nbsp;z\u00e1hrade topo\u013e\u010dianskeho z\u00e1mku vtedaj\u0161ieho \u010deskoslovensk\u00e9ho prezidenta Tom\u00e1\u0161a Garrigue Masaryka, aby mu pon\u00fakol \u010das\u0165 svojho honor\u00e1ru za&nbsp;knihu ich hovorov.  <a href=\"https:\/\/literarnenoviny.sk\/servis\/producenti-pripravovaneho-ceskeho-filmu-hovory-s-tgm-zverejnili-jeho-prvy-trailer\/\" class=\"more-link\">Cel\u00e1 spr\u00e1va <span class=\"meta-nav\">&rarr;<\/span><\/a><\/p>\n","protected":false},"author":2,"featured_media":0,"comment_status":"closed","ping_status":"closed","sticky":false,"template":"","format":"standard","meta":{"_links_to":"","_links_to_target":""},"categories":[1],"tags":[16,5,14],"_links":{"self":[{"href":"https:\/\/literarnenoviny.sk\/servis\/wp-json\/wp\/v2\/posts\/3917"}],"collection":[{"href":"https:\/\/literarnenoviny.sk\/servis\/wp-json\/wp\/v2\/posts"}],"about":[{"href":"https:\/\/literarnenoviny.sk\/servis\/wp-json\/wp\/v2\/types\/post"}],"author":[{"embeddable":true,"href":"https:\/\/literarnenoviny.sk\/servis\/wp-json\/wp\/v2\/users\/2"}],"replies":[{"embeddable":true,"href":"https:\/\/literarnenoviny.sk\/servis\/wp-json\/wp\/v2\/comments?post=3917"}],"version-history":[{"count":0,"href":"https:\/\/literarnenoviny.sk\/servis\/wp-json\/wp\/v2\/posts\/3917\/revisions"}],"wp:attachment":[{"href":"https:\/\/literarnenoviny.sk\/servis\/wp-json\/wp\/v2\/media?parent=3917"}],"wp:term":[{"taxonomy":"category","embeddable":true,"href":"https:\/\/literarnenoviny.sk\/servis\/wp-json\/wp\/v2\/categories?post=3917"},{"taxonomy":"post_tag","embeddable":true,"href":"https:\/\/literarnenoviny.sk\/servis\/wp-json\/wp\/v2\/tags?post=3917"}],"curies":[{"name":"wp","href":"https:\/\/api.w.org\/{rel}","templated":true}]}}