{"id":3832,"date":"2018-08-16T18:10:25","date_gmt":"2018-08-16T16:10:25","guid":{"rendered":"https:\/\/literarnenoviny.sk\/servis\/?p=3832"},"modified":"2018-08-17T18:57:03","modified_gmt":"2018-08-17T16:57:03","slug":"na-znamom-festivale-sziget-napadli-syrsko-kanadskeho-lgbt-aktivistu-a-spisovatela","status":"publish","type":"post","link":"https:\/\/literarnenoviny.sk\/servis\/na-znamom-festivale-sziget-napadli-syrsko-kanadskeho-lgbt-aktivistu-a-spisovatela\/","title":{"rendered":"Na zn\u00e1mom festivale Sziget napadli s\u00fdrsko-kanadsk\u00e9ho LGBT aktivistu a&nbsp;spisovate\u013ea"},"content":{"rendered":"<p><strong>Na ma\u010farskom festivale <a href=\"https:\/\/szigetfestival.com\/\" rel=\"noopener\" target=\"_blank\">Sziget<\/a> napadli s\u00fdrskeho spisovate\u013ea a&nbsp;LGBT aktivistu \u017eij\u00faceho v&nbsp;Kanade <a href=\"https:\/\/en.wikipedia.org\/wiki\/Ahmad_Danny_Ramadan\" rel=\"noopener\" target=\"_blank\">Dannyho Ramadana<\/a><\/strong>. Nezn\u00e1mi mu\u017ei ho pod\u013ea ma\u010farsk\u00fdch m\u00e9di\u00ed pova\u017eovali za&nbsp;R\u00f3ma.<\/p>\n<p><center><div class=\"gca-utility vertical-spacer\"><\/div>\n<blockquote class=\"twitter-tweet\" data-lang=\"sk\">\n<p lang=\"en\" dir=\"ltr\">\u2026 as they felt more entitled to the&nbsp;hammock he had just sat on because they assumed he was a&nbsp;<a href=\"https:\/\/twitter.com\/hashtag\/Roma?src=hash&amp;ref_src=twsrc%5Etfw\">#Roma<\/a> (and made it plainly clear when they started insulting him). In 2018. In Europe. This is simply not acceptable. Let\u2019s keep fighting racism and prejudice <a href=\"https:\/\/twitter.com\/hashtag\/together?src=hash&amp;ref_src=twsrc%5Etfw\">#together<\/a>! <a href=\"https:\/\/twitter.com\/hashtag\/NotMySziget?src=hash&amp;ref_src=twsrc%5Etfw\">#NotMySziget<\/a> <a href=\"https:\/\/t.co\/Yr2EdFYfLb\">pic.twitter.com\/Yr2EdFYfLb<\/a><\/p>\n<p>&mdash; Isabelle Poupart (@AmbPoupart) <a href=\"https:\/\/twitter.com\/AmbPoupart\/status\/1030106020566245377?ref_src=twsrc%5Etfw\">16.&nbsp;augusta 2018<\/a><\/p><\/blockquote>\n<p><script async src=\"https:\/\/platform.twitter.com\/widgets.js\" charset=\"utf-8\"><\/script><div class=\"gca-utility vertical-spacer\"><\/div><\/center><\/p>\n<p><em>\u201e2018. V&nbsp;Eur\u00f3pe. To je&nbsp;neakceptovate\u013en\u00e9. Bojujme spolo\u010dne proti rasizmu a&nbsp;predsudkom,\u201c<\/em> nap\u00edsala v&nbsp;reakcii na&nbsp;incident kanadsk\u00e1 ve\u013evyslanky\u0148a v&nbsp;Budape\u0161ti Isabelle Poupartov\u00e1.<\/p>\n<p>Danny Ramadan na&nbsp;tohtoro\u010dnom festivale predstavoval svoju nov\u00fa knihu.<\/p>\n<p>Organiz\u00e1tori festivalu <a href=\"https:\/\/index.hu\/belfold\/2018\/08\/16\/sziget_megvertek_kulfoldi_eloado_romanak_neztek\/\" rel=\"noopener\" target=\"_blank\">prostredn\u00edctvom m\u00e9di\u00ed<\/a> incident ods\u00fadili a&nbsp;uviedli, \u017ee&nbsp;<em>\u201eneodzrkad\u013euje ducha Szigetu, pr\u00e1ve naopak\u201c<\/em>.<\/p>\n<p style=\"text-align: right;\"><small>&mdash;&nbsp;<a href=\"https:\/\/www.nlcafe.hu\/ezvan\/20180816\/megvertek-a-sziriai-kanadai-eloadot-a-szigeten\/\" target=\"_blank\">NLCaf\u00e9.hu<\/a><\/small><\/p>\n","protected":false},"excerpt":{"rendered":"<p>Na ma\u010farskom festivale Sziget napadli s\u00fdrskeho spisovate\u013ea a&nbsp;LGBT aktivistu \u017eij\u00faceho v&nbsp;Kanade Dannyho Ramadana<\/a>. Nezn\u00e1mi mu\u017ei ho pod\u013ea ma\u010farsk\u00fdch m\u00e9di\u00ed pova\u017eovali za&nbsp;R\u00f3ma. Ramadan na&nbsp;tohtoro\u010dnom festivale predstavoval svoju nov\u00fa knihu. <a href=\"https:\/\/literarnenoviny.sk\/servis\/na-znamom-festivale-sziget-napadli-syrsko-kanadskeho-lgbt-aktivistu-a-spisovatela\/\" class=\"more-link\">Cel\u00e1 spr\u00e1va <span class=\"meta-nav\">&rarr;<\/span><\/a><\/p>\n","protected":false},"author":2,"featured_media":0,"comment_status":"closed","ping_status":"closed","sticky":false,"template":"","format":"standard","meta":{"_links_to":"","_links_to_target":""},"categories":[1],"tags":[15,3,23],"_links":{"self":[{"href":"https:\/\/literarnenoviny.sk\/servis\/wp-json\/wp\/v2\/posts\/3832"}],"collection":[{"href":"https:\/\/literarnenoviny.sk\/servis\/wp-json\/wp\/v2\/posts"}],"about":[{"href":"https:\/\/literarnenoviny.sk\/servis\/wp-json\/wp\/v2\/types\/post"}],"author":[{"embeddable":true,"href":"https:\/\/literarnenoviny.sk\/servis\/wp-json\/wp\/v2\/users\/2"}],"replies":[{"embeddable":true,"href":"https:\/\/literarnenoviny.sk\/servis\/wp-json\/wp\/v2\/comments?post=3832"}],"version-history":[{"count":0,"href":"https:\/\/literarnenoviny.sk\/servis\/wp-json\/wp\/v2\/posts\/3832\/revisions"}],"wp:attachment":[{"href":"https:\/\/literarnenoviny.sk\/servis\/wp-json\/wp\/v2\/media?parent=3832"}],"wp:term":[{"taxonomy":"category","embeddable":true,"href":"https:\/\/literarnenoviny.sk\/servis\/wp-json\/wp\/v2\/categories?post=3832"},{"taxonomy":"post_tag","embeddable":true,"href":"https:\/\/literarnenoviny.sk\/servis\/wp-json\/wp\/v2\/tags?post=3832"}],"curies":[{"name":"wp","href":"https:\/\/api.w.org\/{rel}","templated":true}]}}