{"id":3821,"date":"2018-08-17T10:00:07","date_gmt":"2018-08-17T08:00:07","guid":{"rendered":"https:\/\/literarnenoviny.sk\/servis\/?p=3821"},"modified":"2018-08-17T15:49:59","modified_gmt":"2018-08-17T13:49:59","slug":"vychadza-prve-cislo-cesko-slovenskej-edicie-americkeho-casopisu-vogue","status":"publish","type":"post","link":"https:\/\/literarnenoviny.sk\/servis\/vychadza-prve-cislo-cesko-slovenskej-edicie-americkeho-casopisu-vogue\/","title":{"rendered":"Vych\u00e1dza prv\u00e9 \u010d\u00edslo \u010desko-slovenskej ed\u00edcie americk\u00e9ho \u010dasopisu Vogue"},"content":{"rendered":"<p><strong>Americk\u00fd \u010dasopis <em>Vogue <\/em>za\u010d\u00edna vych\u00e1dza\u0165 v&nbsp;lok\u00e1lnej <a href=\"https:\/\/www.vogue.cz\/\" rel=\"noopener\" target=\"_blank\">\u010desko-slovenskej jazykovej mut\u00e1cii<\/a><\/strong>. V&nbsp;st\u00e1nkoch je&nbsp;v&nbsp;predaji od&nbsp;piatka, na&nbsp;Slovensku za&nbsp;cenu 5,49 eura. Mesa\u010dn\u00edk je&nbsp;zn\u00e1my ako luxusnej\u0161\u00ed titul o&nbsp;m\u00f3de ur\u010den\u00fd najm\u00e4 pre&nbsp;\u017eeny.<\/p>\n<p>Na titulke je&nbsp;modelka s&nbsp;vytetovan\u00fdm kaligramom z&nbsp;b\u00e1snickej zbierky V\u00e1clava Havla <em><a href=\"https:\/\/www.kosmas.cz\/knihy\/212996\/basne.-antikody\/\" rel=\"noopener\" target=\"_blank\">Antik\u00f3dy<\/a><\/em>. Ob\u00e1lka je&nbsp;toti\u017e venovan\u00e1 prvej Havlovej man\u017eelke Olge. <em>\u201eChceli sme vzda\u0165 poctu Olge Havlovej a&nbsp;pripomen\u00fa\u0165 hodnoty, ktor\u00e9 zast\u00e1vala spolo\u010dne so&nbsp;svoj\u00edm man\u017eelom,\u201c<\/em> hovor\u00ed Andrea B\u011bhounkov\u00e1, \u0161\u00e9fredaktorka <em><a href=\"https:\/\/www.vogue.cz\/\" rel=\"noopener\" target=\"_blank\">Vogue&nbsp;CS<\/a><\/em>.<\/p>\n<p><center><div class=\"gca-utility vertical-spacer\"><\/div>\n<blockquote class=\"twitter-tweet\" data-lang=\"sk\">\n<p lang=\"cs\" dir=\"ltr\">Pro\u010d je&nbsp;na&nbsp;ob\u00e1lce prvn\u00edho vyd\u00e1n\u00ed \u010deskoslovensk\u00e9 edice Vogue zrovna Olga Havlov\u00e1? Vysv\u011btluje \u0161\u00e9fredaktorka: <a href=\"https:\/\/t.co\/ImDd3qaeaD\">https:\/\/t.co\/ImDd3qaeaD<\/a><\/p>\n<p>&mdash; Marketing &amp; Media (@MarketingaMedia) <a href=\"https:\/\/twitter.com\/MarketingaMedia\/status\/1030092709774745602?ref_src=twsrc%5Etfw\">16.&nbsp;augusta 2018<\/a><\/p><\/blockquote>\n<p><script async src=\"https:\/\/platform.twitter.com\/widgets.js\" charset=\"utf-8\"><\/script><div class=\"gca-utility vertical-spacer\"><\/div><\/center><\/p>\n<p>\u010ceskoslovensk\u00e1 ed\u00edcia <em>Vogue<\/em> je&nbsp;po&nbsp;Po\u013esku druhou v&nbsp;strednej Eur\u00f3pe a&nbsp;dvadsiatou \u0161tvrtou na&nbsp;svete a&nbsp;vyd\u00e1va ju spolo\u010dnos\u0165 V24 Media, ktor\u00fa zalo\u017eili Michaela Seewald a&nbsp;Fabrice Biundo. <\/p>\n<p>P\u00f4vodn\u00fd <em><a href=\"https:\/\/www.vogue.com\/\" rel=\"noopener\" target=\"_blank\">Vogue<\/a><\/em> zalo\u017eil Arthur Baldwin v&nbsp;roku 1892 ako t\u00fd\u017edenn\u00edk pre&nbsp;newyorsk\u00fa vy\u0161\u0161iu spolo\u010dnos\u0165. Prin\u00e1\u0161al spr\u00e1vy zo&nbsp;spolo\u010dnosti a&nbsp;p\u00edsal o&nbsp;\u017eivotnom \u0161t\u00fdle. Nech\u00fdbali recenzie kn\u00edh, divadeln\u00fdch hier a&nbsp;koncertov. <\/p>\n<p>Po jeho smrti v&nbsp;roku 1909 ho k\u00fapil americk\u00fd obchodn\u00edk Cond\u00e9 Montrose Nast a&nbsp;o&nbsp;rok nesk\u00f4r ho za\u010dal vyd\u00e1va\u0165 aj v&nbsp;Eur\u00f3pe. Od&nbsp;roku 1988 je&nbsp;\u0161\u00e9fredaktorkou americkej verzie <em><a href=\"https:\/\/www.vogue.com\/\" rel=\"noopener\" target=\"_blank\">Vogue<\/a><\/em> Anna Wintour, dnes jedna z&nbsp;najvplyvnej\u0161\u00edch post\u00e1v m\u00f3dneho priemyslu.<\/p>\n<p>Americk\u00e9 vydavate\u013estvo Cond\u00e9 Nast m\u00e1 vo&nbsp;svojom portf\u00f3liu aj zn\u00e1me tituly <em><a href=\"https:\/\/www.gq.com\/\" rel=\"noopener\" target=\"_blank\">GQ<\/a><\/em>, <em><a href=\"https:\/\/www.newyorker.com\/\" rel=\"noopener\" target=\"_blank\">The New Yorker<\/a><\/em> \u010di&nbsp;<em><a href=\"https:\/\/www.vanityfair.com\/\" rel=\"noopener\" target=\"_blank\">Vanity Fair<\/a><\/em>.<\/p>\n<p style=\"text-align: right;\"><small>&mdash;&nbsp;<a href=\"https:\/\/www.vogue.cz\/\" target=\"_blank\">Vogue&nbsp;CS<\/a><\/small><\/p>\n","protected":false},"excerpt":{"rendered":"<p>Americk\u00fd \u010dasopis Vogue za\u010d\u00edna vych\u00e1dza\u0165 v&nbsp;lok\u00e1lnej \u010desko-slovenskej jazykovej mut\u00e1cii. Na&nbsp;st\u00e1nkoch je&nbsp;v&nbsp;predaji od&nbsp;piatka, na&nbsp;Slovensku za&nbsp;cenu 5,49 eura. Mesa\u010dn\u00edk je&nbsp;zn\u00e1my ako luxusnej\u0161\u00ed titul o&nbsp;m\u00f3de ur\u010den\u00fd najm\u00e4 pre&nbsp;\u017eeny. Na&nbsp;titulke je&nbsp;modelka s&nbsp;vytetovan\u00fdm kaligramom z&nbsp;b\u00e1snickej zbierky V\u00e1clava Havla Antik\u00f3dy <a href=\"https:\/\/literarnenoviny.sk\/servis\/vychadza-prve-cislo-cesko-slovenskej-edicie-americkeho-casopisu-vogue\/\" class=\"more-link\">Cel\u00e1 spr\u00e1va <span class=\"meta-nav\">&rarr;<\/span><\/a><\/p>\n","protected":false},"author":2,"featured_media":0,"comment_status":"closed","ping_status":"closed","sticky":false,"template":"","format":"standard","meta":{"_links_to":"","_links_to_target":""},"categories":[1],"tags":[33,23,27],"_links":{"self":[{"href":"https:\/\/literarnenoviny.sk\/servis\/wp-json\/wp\/v2\/posts\/3821"}],"collection":[{"href":"https:\/\/literarnenoviny.sk\/servis\/wp-json\/wp\/v2\/posts"}],"about":[{"href":"https:\/\/literarnenoviny.sk\/servis\/wp-json\/wp\/v2\/types\/post"}],"author":[{"embeddable":true,"href":"https:\/\/literarnenoviny.sk\/servis\/wp-json\/wp\/v2\/users\/2"}],"replies":[{"embeddable":true,"href":"https:\/\/literarnenoviny.sk\/servis\/wp-json\/wp\/v2\/comments?post=3821"}],"version-history":[{"count":0,"href":"https:\/\/literarnenoviny.sk\/servis\/wp-json\/wp\/v2\/posts\/3821\/revisions"}],"wp:attachment":[{"href":"https:\/\/literarnenoviny.sk\/servis\/wp-json\/wp\/v2\/media?parent=3821"}],"wp:term":[{"taxonomy":"category","embeddable":true,"href":"https:\/\/literarnenoviny.sk\/servis\/wp-json\/wp\/v2\/categories?post=3821"},{"taxonomy":"post_tag","embeddable":true,"href":"https:\/\/literarnenoviny.sk\/servis\/wp-json\/wp\/v2\/tags?post=3821"}],"curies":[{"name":"wp","href":"https:\/\/api.w.org\/{rel}","templated":true}]}}