{"id":3783,"date":"2018-08-09T18:05:30","date_gmt":"2018-08-09T16:05:30","guid":{"rendered":"https:\/\/literarnenoviny.sk\/servis\/?p=3783"},"modified":"2018-08-09T23:25:58","modified_gmt":"2018-08-09T21:25:58","slug":"v-odese-zrusili-besedu-s-bieloruskou-spisovatelkou-svetlanou-alexijevicovou","status":"publish","type":"post","link":"https:\/\/literarnenoviny.sk\/servis\/v-odese-zrusili-besedu-s-bieloruskou-spisovatelkou-svetlanou-alexijevicovou\/","title":{"rendered":"V Odese zru\u0161ili besedu s&nbsp;bieloruskou spisovate\u013ekou Svetlanou Alexijevi\u010dovou"},"content":{"rendered":"<p><strong>Z obavy o&nbsp;bezpe\u010dnos\u0165 zru\u0161ili vo&nbsp;\u0161tvrtok v&nbsp;Odese ukrajinsk\u00ed organiz\u00e1tori besedu s&nbsp;bieloruskou spisovate\u013ekou a&nbsp;nosite\u013ekou Nobelovej ceny za&nbsp;literat\u00faru <a href=\"https:\/\/sk.wikipedia.org\/wiki\/Sviatlana_A\u013eaksandravna_Aleksijevi\u010dov\u00e1\" rel=\"noopener\" target=\"_blank\">Svetlanou Alexijevi\u010dovou<\/a><\/strong>. Na&nbsp;internete sa&nbsp;kr\u00e1tko pred akciou objavili \u00fatoky proti nej, preto\u017ee hovor\u00ed o&nbsp;podiele Ukrajincov na&nbsp;vra\u017eden\u00ed \u017didov po\u010das druhej svetovej vojny. <\/p>\n<p>Meno sl\u00e1vnej spisovate\u013eky, ktor\u00e1 sa&nbsp;<a href=\"https:\/\/www.martinus.sk\/authors\/svetlana-alexijevic\/?z=WLGC7F&#038;utm_source=z%3DWLGC7F&#038;utm_medium=url&#038;utm_campaign=partner\" rel=\"noopener\" target=\"_blank\">vo svojom diele<\/a> zaober\u00e1 aj historick\u00fdmi udalos\u0165ami sovietskej a&nbsp;postsovietskej doby, sa&nbsp;objavilo na&nbsp;kritizovanom ukrajinskom zozname zvanom <em>Myrotvorec<\/em>, kam miestni nacionalisti zara\u010fuj\u00fa <em>\u201enepriate\u013eov Ukrajiny\u201c<\/em>.<\/p>\n<p>Slov\u00e1 o&nbsp;osude \u017didov na&nbsp;Ukrajine predniesla Alexijevi\u010dov\u00e1 pred dvoma rokmi na&nbsp;predn\u00e1\u0161ke v&nbsp;newyorskom Brooklyne. Vyhl\u00e1sila vtedy, \u017ee&nbsp;<em>\u201eukrajinsk\u00ed kati\u201c<\/em> cez vojnu pom\u00e1hali nacistom vra\u017edi\u0165 \u017didov.<\/p>\n<p>Sedemdesiatro\u010dn\u00e1 rod\u00e1\u010dka zo&nbsp;z\u00e1padnej Ukrajiny dnes novin\u00e1rom povedala, \u017ee&nbsp;\u013eudia by sa&nbsp;nemali b\u00e1\u0165 vlastnej hist\u00f3rie a&nbsp;hystericky reagova\u0165 na&nbsp;koment\u00e1re vo&nbsp;verejnom priestore. S&nbsp;Ukrajinou nem\u00e1 \u017eiadny spor a&nbsp;d\u00fafa, \u017ee&nbsp;beseda s&nbsp;\u010ditate\u013emi sa&nbsp;nakoniec uskuto\u010dn\u00ed.<\/p>\n<p style=\"text-align: right;\"><small>&mdash;&nbsp;<a href=\"http:\/\/www.ceskenoviny.cz\/\" target=\"_blank\">\u010ceske noviny<\/a><\/small><\/p>\n<div class=\"gca-utility clearfix\"><\/div>\n<div class=\"gca-utility vertical-spacer\"><\/div>\n<p><center><span class=\"fullscreen\"><script type=\"text\/javascript\" src=\"\/\/partner.mrtns.eu\/banners\/banner.js?type=banner&#038;brand_id=1&#038;uItem=267181&#038;size=full&#038;show_price=0&#038;color=green&#038;z=WLGC7F\"><\/script><\/span><\/center><\/p>\n","protected":false},"excerpt":{"rendered":"<p>Z obavy o&nbsp;bezpe\u010dnos\u0165 zru\u0161ili vo&nbsp;\u0161tvrtok v&nbsp;Odese ukrajinsk\u00ed organiz\u00e1tori besedu s&nbsp;bieloruskou spisovate\u013ekou a&nbsp;nosite\u013ekou Nobelovej ceny za&nbsp;literat\u00faru Svetlanou Alexijevi\u010dovou. Na&nbsp;internete sa&nbsp;kr\u00e1tko pred akciou objavili \u00fatoky proti nej, preto\u017ee hovor\u00ed o&nbsp;podiele Ukrajincov na&nbsp;vra\u017eden\u00ed \u017didov po\u010das druhej svetovej vojny.  <a href=\"https:\/\/literarnenoviny.sk\/servis\/v-odese-zrusili-besedu-s-bieloruskou-spisovatelkou-svetlanou-alexijevicovou\/\" class=\"more-link\">Cel\u00e1 spr\u00e1va <span class=\"meta-nav\">&rarr;<\/span><\/a><\/p>\n","protected":false},"author":2,"featured_media":0,"comment_status":"closed","ping_status":"closed","sticky":false,"template":"","format":"standard","meta":{"_links_to":"","_links_to_target":""},"categories":[1],"tags":[5,3],"_links":{"self":[{"href":"https:\/\/literarnenoviny.sk\/servis\/wp-json\/wp\/v2\/posts\/3783"}],"collection":[{"href":"https:\/\/literarnenoviny.sk\/servis\/wp-json\/wp\/v2\/posts"}],"about":[{"href":"https:\/\/literarnenoviny.sk\/servis\/wp-json\/wp\/v2\/types\/post"}],"author":[{"embeddable":true,"href":"https:\/\/literarnenoviny.sk\/servis\/wp-json\/wp\/v2\/users\/2"}],"replies":[{"embeddable":true,"href":"https:\/\/literarnenoviny.sk\/servis\/wp-json\/wp\/v2\/comments?post=3783"}],"version-history":[{"count":0,"href":"https:\/\/literarnenoviny.sk\/servis\/wp-json\/wp\/v2\/posts\/3783\/revisions"}],"wp:attachment":[{"href":"https:\/\/literarnenoviny.sk\/servis\/wp-json\/wp\/v2\/media?parent=3783"}],"wp:term":[{"taxonomy":"category","embeddable":true,"href":"https:\/\/literarnenoviny.sk\/servis\/wp-json\/wp\/v2\/categories?post=3783"},{"taxonomy":"post_tag","embeddable":true,"href":"https:\/\/literarnenoviny.sk\/servis\/wp-json\/wp\/v2\/tags?post=3783"}],"curies":[{"name":"wp","href":"https:\/\/api.w.org\/{rel}","templated":true}]}}