{"id":3751,"date":"2018-08-05T09:20:18","date_gmt":"2018-08-05T07:20:18","guid":{"rendered":"https:\/\/literarnenoviny.sk\/servis\/?p=3751"},"modified":"2020-10-15T22:06:39","modified_gmt":"2020-10-15T20:06:39","slug":"vo-veku-75-rokov-zomrel-slovensky-divadelny-a-filmovy-herec-stanislav-danciak","status":"publish","type":"post","link":"https:\/\/literarnenoviny.sk\/servis\/vo-veku-75-rokov-zomrel-slovensky-divadelny-a-filmovy-herec-stanislav-danciak\/","title":{"rendered":"Vo veku 75 rokov zomrel slovensk\u00fd divadeln\u00fd a&nbsp;filmov\u00fd herec Stanislav Dan\u010diak"},"content":{"rendered":"<p><strong>Vo veku 75 rokov zomrel v&nbsp;noci zo&nbsp;soboty na&nbsp;nede\u013eu divadeln\u00fd, filmov\u00fd a&nbsp;dabingov\u00fd herec <a href=\"https:\/\/sk.wikipedia.org\/wiki\/Stano_Dan\u010diak\" rel=\"noopener noreferrer\" target=\"_blank\">Stanislav Dan\u010diak<\/a><\/strong>. Dlhoro\u010dn\u00e9ho \u010dlena \u010cinohry Slovensk\u00e9ho n\u00e1rodn\u00e9ho divadla u\u017e&nbsp;dlh\u0161ie obdobie tr\u00e1pili zdravotn\u00e9 probl\u00e9my. <\/p>\n<p>Bratislavsk\u00fd rod\u00e1k Stano Dan\u010diak nast\u00fapil do&nbsp;\u010cinohry SND hne\u010f po&nbsp;absolvovan\u00ed Divadelnej fakulty Vysokej \u0161koly m\u00fazick\u00fdch umen\u00ed.<\/p>\n<p>Zo slovenskej prvej sc\u00e9ny odi\u0161iel v&nbsp;roku 1969, kedy sa&nbsp;stal spoluzakladate\u013eom legend\u00e1rneho Divadla na&nbsp;Korze, kde p\u00f4sobil a\u017e do&nbsp;jeho zatvorenia v&nbsp;roku 1971. Po&nbsp;jeho vyn\u00fatenom zatvoren\u00ed p\u00f4sobil na&nbsp;bratislavskej Novej sc\u00e9ne. <\/p>\n<p><center><div class=\"gca-utility vertical-spacer\"><\/div>\n<blockquote class=\"twitter-tweet\" data-lang=\"sk\">\n<p lang=\"und\" dir=\"ltr\">Slovensko dnes zasiahla smutn\u00e1 spr\u00e1va \ud83d\ude41 <a href=\"https:\/\/twitter.com\/hashtag\/RIP?src=hash&amp;ref_src=twsrc%5Etfw\">#RIP<\/a> <a href=\"https:\/\/twitter.com\/hashtag\/stanodanciak?src=hash&amp;ref_src=twsrc%5Etfw\">#stanodanciak<\/a> <a href=\"https:\/\/t.co\/kVx3yg4n93\">https:\/\/t.co\/kVx3yg4n93<\/a><\/p>\n<p>&mdash; Telev\u00edzia Mark\u00edza (@tvmarkiza) <a href=\"https:\/\/twitter.com\/tvmarkiza\/status\/1026004587034099714?ref_src=twsrc%5Etfw\">5.&nbsp;augusta 2018<\/a><\/p><\/blockquote>\n<p><script async src=\"https:\/\/platform.twitter.com\/widgets.js\" charset=\"utf-8\"><\/script><div class=\"gca-utility vertical-spacer\"><\/div><\/center><\/p>\n<p>Do SND sa&nbsp;vr\u00e1til v&nbsp;roku 1990, kde p\u00f4sobil aj po&nbsp;strate zraku, o&nbsp;ktor\u00fd pri\u0161iel v&nbsp;d\u00f4sledku svojej choroby.\t<\/p>\n<p>Ob\u013e\u00faben\u00fd herec, zn\u00e1my svojsk\u00fdm humorom, \u00fa\u010dinkoval aj v&nbsp;mnoh\u00fdch filmoch a&nbsp;v&nbsp;telev\u00edznych \u010di&nbsp;rozhlasov\u00fdch inscen\u00e1ci\u00e1ch <em>(K\u00fdm sa&nbsp;skon\u010d\u00ed t\u00e1to noc, Skryt\u00fd prame\u0148, Sebechlebsk\u00ed hudci, Jo\u017eko P\u00fa\u010dik a&nbsp;jeho kari\u00e9ra, Ve\u013ek\u00e1 ro\u0161\u00e1da, Rivers of Babylon, D\u00e1\u017e\u010f pad\u00e1 na&nbsp;na\u0161e du\u0161e&#8230;)<\/em>.<\/p>\n<p>V dabingovej tvorbe Stano Dan\u010diak napr\u00edklad prepo\u017ei\u010dal svoj hlas legend\u00e1rnemu in\u0161pektorovi Derrickovi, Alfovi z&nbsp;plan\u00e9ty Melmak a&nbsp;nahovoril aj animovan\u00fd telev\u00edzny seri\u00e1l Juro\u0161\u00edk.<\/p>\n<p>S hercom Mari\u00e1nom Zednikovi\u010dom vytvoril aj nezabudnute\u013en\u00fa komedi\u00e1lnu dvojicu Lord Norton a&nbsp;sluha James.<\/p>\n<p style=\"text-align: right;\"><small>&mdash;&nbsp;<a href=\"http:\/\/www.markiza.sk\/soubiz\/galeria_1929602_zomrel-legendarny-herec-stano-danciak-75\/\" target=\"_blank\" rel=\"noopener noreferrer\">Mark\u00edza<\/a><\/small><\/p>\n","protected":false},"excerpt":{"rendered":"<p>Vo veku 75 rokov zomrel v&nbsp;noci zo&nbsp;soboty na&nbsp;nede\u013eu divadeln\u00fd, filmov\u00fd a&nbsp;dabingov\u00fd herec Stanislav Dan\u010diak. Dlhoro\u010dn\u00e9ho \u010dlena \u010cinohry SND u\u017e&nbsp;dlh\u0161ie obdobie tr\u00e1pili zdravotn\u00e9 probl\u00e9my. Ob\u013e\u00faben\u00fd herec, zn\u00e1my svojsk\u00fdm humorom, \u00fa\u010dinkoval aj v&nbsp;mnoh\u00fdch filmoch a&nbsp;v&nbsp;telev\u00edznych \u010di&nbsp;rozhlasov\u00fdch inscen\u00e1ci\u00e1ch. <a href=\"https:\/\/literarnenoviny.sk\/servis\/vo-veku-75-rokov-zomrel-slovensky-divadelny-a-filmovy-herec-stanislav-danciak\/\" class=\"more-link\">Cel\u00e1 spr\u00e1va <span class=\"meta-nav\">&rarr;<\/span><\/a><\/p>\n","protected":false},"author":2,"featured_media":0,"comment_status":"closed","ping_status":"closed","sticky":false,"template":"","format":"standard","meta":{"_links_to":"","_links_to_target":""},"categories":[1],"tags":[2,16,3,209],"_links":{"self":[{"href":"https:\/\/literarnenoviny.sk\/servis\/wp-json\/wp\/v2\/posts\/3751"}],"collection":[{"href":"https:\/\/literarnenoviny.sk\/servis\/wp-json\/wp\/v2\/posts"}],"about":[{"href":"https:\/\/literarnenoviny.sk\/servis\/wp-json\/wp\/v2\/types\/post"}],"author":[{"embeddable":true,"href":"https:\/\/literarnenoviny.sk\/servis\/wp-json\/wp\/v2\/users\/2"}],"replies":[{"embeddable":true,"href":"https:\/\/literarnenoviny.sk\/servis\/wp-json\/wp\/v2\/comments?post=3751"}],"version-history":[{"count":0,"href":"https:\/\/literarnenoviny.sk\/servis\/wp-json\/wp\/v2\/posts\/3751\/revisions"}],"wp:attachment":[{"href":"https:\/\/literarnenoviny.sk\/servis\/wp-json\/wp\/v2\/media?parent=3751"}],"wp:term":[{"taxonomy":"category","embeddable":true,"href":"https:\/\/literarnenoviny.sk\/servis\/wp-json\/wp\/v2\/categories?post=3751"},{"taxonomy":"post_tag","embeddable":true,"href":"https:\/\/literarnenoviny.sk\/servis\/wp-json\/wp\/v2\/tags?post=3751"}],"curies":[{"name":"wp","href":"https:\/\/api.w.org\/{rel}","templated":true}]}}