{"id":3724,"date":"2018-08-01T11:15:50","date_gmt":"2018-08-01T09:15:50","guid":{"rendered":"https:\/\/literarnenoviny.sk\/servis\/?p=3724"},"modified":"2018-08-02T19:58:33","modified_gmt":"2018-08-02T17:58:33","slug":"ministerka-kultury-odvolala-generalneho-riaditela-snd-mariana-chudovskeho","status":"publish","type":"post","link":"https:\/\/literarnenoviny.sk\/servis\/ministerka-kultury-odvolala-generalneho-riaditela-snd-mariana-chudovskeho\/","title":{"rendered":"Ministerka kult\u00fary odvolala gener\u00e1lneho riadite\u013ea SND Mari\u00e1na Chudovsk\u00e9ho"},"content":{"rendered":"<p><strong>Ministerka kult\u00fary \u013dubica La\u0161\u0161\u00e1kov\u00e1 odvolala z&nbsp;funkcie gener\u00e1lneho riadite\u013ea Slovensk\u00e9ho n\u00e1rodn\u00e9ho divadla Mari\u00e1na Chudovsk\u00e9ho<\/strong>. <\/p>\n<p>Ministerka sa&nbsp;tak rozhodla po&nbsp;stretnut\u00ed s&nbsp;Chudovsk\u00fdm, ktor\u00e9 sa&nbsp;uskuto\u010dnilo na&nbsp;z\u00e1klade medializovan\u00fdch inform\u00e1ci\u00ed o&nbsp;neuspokojivej finan\u010dnej situ\u00e1cii divadla a&nbsp;nevyplaten\u00ed odmien viacer\u00fdm pracovn\u00edkom SND. <\/p>\n<p>T\u00ed pohrozili \u0161trajkom, \u010d\u00edm bol ohrozen\u00fd za\u010diatok sez\u00f3ny 2018\/2019. Odvolan\u00fd riadite\u013e priznal, \u017ee&nbsp;zamestnanci najm\u00e4 technick\u00fdch zlo\u017eiek divadla odmeny nedostali, \u010do&nbsp;bola reakcia vedenia na&nbsp;obmedzen\u00fd rozpo\u010det na&nbsp;rok 2018.<\/p>\n<p>Divadeln\u00e1 sez\u00f3na 2017\/18 bola pritom pod\u013ea odvolan\u00e9ho riadite\u013ea paradoxne jedna z&nbsp;najsilnej\u0161\u00edch. Divadlo uviedlo viacer\u00e9 lukrat\u00edvne premi\u00e9ry, ktor\u00e9 si v\u0161ak vy\u017eiadali v\u00e4\u010d\u0161ie invest\u00edcie. <\/p>\n<p>Pod\u013ea Mari\u00e1na Chudovsk\u00e9ho sa&nbsp;v\u010faka tomu podarilo Slovensk\u00e9mu n\u00e1rodn\u00e9mu divadlu zarobi\u0165 rekordn\u00fdch pribli\u017ene 3,5 mili\u00f3na eur.<\/p>\n<p style=\"text-align: right;\"><small>&mdash;&nbsp;<a href=\"https:\/\/www1.pluska.sk\/spravy\/z-domova\/chudovsky-konci-funkcii-sefa-snd\" target=\"_blank\">Plus jeden de\u0148<\/a><\/small><\/p>\n","protected":false},"excerpt":{"rendered":"<p>Ministerka kult\u00fary \u013dubica La\u0161\u0161\u00e1kov\u00e1 odvolala z&nbsp;funkcie gener\u00e1lneho riadite\u013ea Slovensk\u00e9ho n\u00e1rodn\u00e9ho divadla Mari\u00e1na Chudovsk\u00e9ho. La\u0161\u0161\u00e1kov\u00e1 sa&nbsp;tak rozhodla po&nbsp;stretnut\u00ed s&nbsp;Chudovsk\u00fdm, ktor\u00e9 sa&nbsp;uskuto\u010dnilo na&nbsp;z\u00e1klade medializovan\u00fdch inform\u00e1ci\u00ed o&nbsp;neuspokojivej finan\u010dnej situ\u00e1cii divadla. <a href=\"https:\/\/literarnenoviny.sk\/servis\/ministerka-kultury-odvolala-generalneho-riaditela-snd-mariana-chudovskeho\/\" class=\"more-link\">Cel\u00e1 spr\u00e1va <span class=\"meta-nav\">&rarr;<\/span><\/a><\/p>\n","protected":false},"author":2,"featured_media":0,"comment_status":"closed","ping_status":"closed","sticky":false,"template":"","format":"standard","meta":{"_links_to":"","_links_to_target":""},"categories":[1],"tags":[2,3,76],"_links":{"self":[{"href":"https:\/\/literarnenoviny.sk\/servis\/wp-json\/wp\/v2\/posts\/3724"}],"collection":[{"href":"https:\/\/literarnenoviny.sk\/servis\/wp-json\/wp\/v2\/posts"}],"about":[{"href":"https:\/\/literarnenoviny.sk\/servis\/wp-json\/wp\/v2\/types\/post"}],"author":[{"embeddable":true,"href":"https:\/\/literarnenoviny.sk\/servis\/wp-json\/wp\/v2\/users\/2"}],"replies":[{"embeddable":true,"href":"https:\/\/literarnenoviny.sk\/servis\/wp-json\/wp\/v2\/comments?post=3724"}],"version-history":[{"count":0,"href":"https:\/\/literarnenoviny.sk\/servis\/wp-json\/wp\/v2\/posts\/3724\/revisions"}],"wp:attachment":[{"href":"https:\/\/literarnenoviny.sk\/servis\/wp-json\/wp\/v2\/media?parent=3724"}],"wp:term":[{"taxonomy":"category","embeddable":true,"href":"https:\/\/literarnenoviny.sk\/servis\/wp-json\/wp\/v2\/categories?post=3724"},{"taxonomy":"post_tag","embeddable":true,"href":"https:\/\/literarnenoviny.sk\/servis\/wp-json\/wp\/v2\/tags?post=3724"}],"curies":[{"name":"wp","href":"https:\/\/api.w.org\/{rel}","templated":true}]}}