{"id":369,"date":"2017-05-14T09:00:00","date_gmt":"2017-05-14T07:00:00","guid":{"rendered":"http:\/\/www.literarnenoviny.sk\/servis\/?p=369"},"modified":"2017-05-14T09:00:00","modified_gmt":"2017-05-14T07:00:00","slug":"divadelna-adaptacia-knihy-vojna-nema-zensku-tvar-ziskala-hlavnu-cenu-festivalu-nova-drama","status":"publish","type":"post","link":"https:\/\/literarnenoviny.sk\/servis\/divadelna-adaptacia-knihy-vojna-nema-zensku-tvar-ziskala-hlavnu-cenu-festivalu-nova-drama\/","title":{"rendered":"Divadeln\u00e1 adapt\u00e1cia knihy Vojna nem\u00e1 \u017eensk\u00fa tv\u00e1r z\u00edskala hlavn\u00fa cenu festivalu Nov\u00e1 dr\u00e1ma"},"content":{"rendered":"<p><strong>Divadeln\u00e1 adapt\u00e1cia knihy Vojna nem\u00e1 \u017eensk\u00fa tv\u00e1r z\u00edskala <a href=\"http:\/\/www.novadrama.sk\/o-festivale\/ceny\" target=\"_blank\">hlavn\u00fa cenu festivalu Nov\u00e1 dr\u00e1ma<\/a><\/strong>. Inscen\u00e1cia v&nbsp;podan\u00ed <a href=\"http:\/\/www.divadlomartin.sk\/\" target=\"_blank\">Slovensk\u00e9ho komorn\u00e9ho divadla Martin<\/a> a&nbsp;v&nbsp;r\u00e9\u017eii Mari\u00e1na Pecka si odniesla aj zvl\u00e1\u0161tnu cenu poroty pre&nbsp;here\u010dku Janu O\u013ehov\u00fa.<\/p>\n","protected":false},"excerpt":{"rendered":"<p>Divadeln\u00e1 adapt\u00e1cia knihy Vojna nem\u00e1 \u017eensk\u00fa tv\u00e1r z\u00edskala hlavn\u00fa cenu festivalu Nov\u00e1 dr\u00e1ma. Inscen\u00e1cia v&nbsp;podan\u00ed Slovensk\u00e9ho komorn\u00e9ho divadla Martin a&nbsp;v&nbsp;r\u00e9\u017eii Mari\u00e1na Pecka si odniesla aj zvl\u00e1\u0161tnu cenu poroty pre&nbsp;here\u010dku Janu O\u013ehov\u00fa. <a href=\"https:\/\/literarnenoviny.sk\/servis\/divadelna-adaptacia-knihy-vojna-nema-zensku-tvar-ziskala-hlavnu-cenu-festivalu-nova-drama\/\" class=\"more-link\">Cel\u00e1 spr\u00e1va <span class=\"meta-nav\">&rarr;<\/span><\/a><\/p>\n","protected":false},"author":2,"featured_media":0,"comment_status":"closed","ping_status":"closed","sticky":false,"template":"","format":"standard","meta":{"_links_to":"","_links_to_target":""},"categories":[1],"tags":[2,14,21],"_links":{"self":[{"href":"https:\/\/literarnenoviny.sk\/servis\/wp-json\/wp\/v2\/posts\/369"}],"collection":[{"href":"https:\/\/literarnenoviny.sk\/servis\/wp-json\/wp\/v2\/posts"}],"about":[{"href":"https:\/\/literarnenoviny.sk\/servis\/wp-json\/wp\/v2\/types\/post"}],"author":[{"embeddable":true,"href":"https:\/\/literarnenoviny.sk\/servis\/wp-json\/wp\/v2\/users\/2"}],"replies":[{"embeddable":true,"href":"https:\/\/literarnenoviny.sk\/servis\/wp-json\/wp\/v2\/comments?post=369"}],"version-history":[{"count":0,"href":"https:\/\/literarnenoviny.sk\/servis\/wp-json\/wp\/v2\/posts\/369\/revisions"}],"wp:attachment":[{"href":"https:\/\/literarnenoviny.sk\/servis\/wp-json\/wp\/v2\/media?parent=369"}],"wp:term":[{"taxonomy":"category","embeddable":true,"href":"https:\/\/literarnenoviny.sk\/servis\/wp-json\/wp\/v2\/categories?post=369"},{"taxonomy":"post_tag","embeddable":true,"href":"https:\/\/literarnenoviny.sk\/servis\/wp-json\/wp\/v2\/tags?post=369"}],"curies":[{"name":"wp","href":"https:\/\/api.w.org\/{rel}","templated":true}]}}