{"id":364,"date":"2017-05-15T09:45:27","date_gmt":"2017-05-15T07:45:27","guid":{"rendered":"http:\/\/www.literarnenoviny.sk\/servis\/?p=364"},"modified":"2017-05-15T09:45:27","modified_gmt":"2017-05-15T07:45:27","slug":"kompletny-rukopis-romanu-franza-kafku-proces-bude-pocas-leta-vystaveny-v-berline","status":"publish","type":"post","link":"https:\/\/literarnenoviny.sk\/servis\/kompletny-rukopis-romanu-franza-kafku-proces-bude-pocas-leta-vystaveny-v-berline\/","title":{"rendered":"Kompletn\u00fd rukopis rom\u00e1nu Franza Kafku Proces bude po\u010das leta vystaven\u00fd v&nbsp;Berl\u00edne"},"content":{"rendered":"<p><strong>Kompletn\u00fd rukopis rom\u00e1nu Franza Kafku Proces, ktor\u00fd zostavil jeho priate\u013e Max Brod, bude vystaven\u00fd v&nbsp;Berl\u00edne<\/strong>. Jedno z&nbsp;najd\u00f4le\u017eitej\u0161\u00edch liter\u00e1rnych diel 20.&nbsp;storo\u010dia sa&nbsp;bude da\u0165 pozrie\u0165 medzi 30.&nbsp;j\u00fanom a&nbsp;28.&nbsp;augustom tohto roku vo&nbsp;<a href=\"https:\/\/www.berlinerfestspiele.de\/en\/aktuell\/festivals\/gropiusbau\/programm_mgb\/mgb17_franz_kafka\/ausstellung_franz_kafka\/veranstaltungsdetail_mgb17_franz_kafka_204181.php\" target=\"_blank\">v\u00fdstavnej sieni Martin-Gropius-Bau<\/a>.<br \/>\n&nbsp;<br \/>\nKafka svoj najsl\u00e1vnej\u0161\u00ed rom\u00e1n nap\u00edsal v&nbsp;\u010dase prvej svetovej vojny. Postupoval pritom nezvy\u010dajne a&nbsp;pri jeho p\u00edsan\u00ed sa&nbsp;nepridr\u017eiaval dejovej l\u00ednie. Nemecko z\u00edskalo rukopis v&nbsp;roku 1988 na&nbsp;aukcii v&nbsp;Lond\u00fdne za&nbsp;pribli\u017ene 3,5 mili\u00f3na mariek.<\/p>\n","protected":false},"excerpt":{"rendered":"<p>Kompletn\u00fd rukopis rom\u00e1nu Franza Kafku Proces, ktor\u00fd zostavil jeho priate\u013e Max Brod, bude vystaven\u00fd v&nbsp;Berl\u00edne. Jedno z&nbsp;najd\u00f4le\u017eitej\u0161\u00edch liter\u00e1rnych diel 20.&nbsp;storo\u010dia sa&nbsp;bude da\u0165 pozrie\u0165 medzi 30.&nbsp;j\u00fanom a&nbsp;28.&nbsp;augustom tohto roku vo&nbsp;v\u00fdstavnej sieni Martin-Gropius-Bau. <a href=\"https:\/\/literarnenoviny.sk\/servis\/kompletny-rukopis-romanu-franza-kafku-proces-bude-pocas-leta-vystaveny-v-berline\/\" class=\"more-link\">Cel\u00e1 spr\u00e1va <span class=\"meta-nav\">&rarr;<\/span><\/a><\/p>\n","protected":false},"author":2,"featured_media":0,"comment_status":"closed","ping_status":"closed","sticky":false,"template":"","format":"standard","meta":{"_links_to":"","_links_to_target":""},"categories":[1],"tags":[14,3,32],"_links":{"self":[{"href":"https:\/\/literarnenoviny.sk\/servis\/wp-json\/wp\/v2\/posts\/364"}],"collection":[{"href":"https:\/\/literarnenoviny.sk\/servis\/wp-json\/wp\/v2\/posts"}],"about":[{"href":"https:\/\/literarnenoviny.sk\/servis\/wp-json\/wp\/v2\/types\/post"}],"author":[{"embeddable":true,"href":"https:\/\/literarnenoviny.sk\/servis\/wp-json\/wp\/v2\/users\/2"}],"replies":[{"embeddable":true,"href":"https:\/\/literarnenoviny.sk\/servis\/wp-json\/wp\/v2\/comments?post=364"}],"version-history":[{"count":0,"href":"https:\/\/literarnenoviny.sk\/servis\/wp-json\/wp\/v2\/posts\/364\/revisions"}],"wp:attachment":[{"href":"https:\/\/literarnenoviny.sk\/servis\/wp-json\/wp\/v2\/media?parent=364"}],"wp:term":[{"taxonomy":"category","embeddable":true,"href":"https:\/\/literarnenoviny.sk\/servis\/wp-json\/wp\/v2\/categories?post=364"},{"taxonomy":"post_tag","embeddable":true,"href":"https:\/\/literarnenoviny.sk\/servis\/wp-json\/wp\/v2\/tags?post=364"}],"curies":[{"name":"wp","href":"https:\/\/api.w.org\/{rel}","templated":true}]}}