{"id":3613,"date":"2018-07-19T12:13:08","date_gmt":"2018-07-19T10:13:08","guid":{"rendered":"https:\/\/literarnenoviny.sk\/servis\/?p=3613"},"modified":"2018-07-21T16:07:05","modified_gmt":"2018-07-21T14:07:05","slug":"ceske-noviny-inspirovane-slovenskym-dennikom-n-ponesu-nazov-novy-denik","status":"publish","type":"post","link":"https:\/\/literarnenoviny.sk\/servis\/ceske-noviny-inspirovane-slovenskym-dennikom-n-ponesu-nazov-novy-denik\/","title":{"rendered":"\u010cesk\u00e9 noviny in\u0161pirovan\u00e9 slovensk\u00fdm Denn\u00edkom N pones\u00fa n\u00e1zov Nov\u00fd den\u00edk"},"content":{"rendered":"<p><strong>Novovznikaj\u00face \u010desk\u00e9 noviny in\u0161pirovan\u00e9 slovensk\u00fdm <em>Denn\u00edkom N<\/em> pones\u00fa n\u00e1zov <em>Nov\u00fd den\u00edk<\/em><\/strong>. V&nbsp;pripravovanom digit\u00e1lnom denn\u00edku, ktor\u00fd za\u010dne vych\u00e1dza\u0165 koncom okt\u00f3bra, bude pracova\u0165 pribli\u017ene \u0161tyridsa\u0165 redaktorov.<\/p>\n<p>Riadite\u013e vydavate\u013estva J\u00e1n Simkani\u010d u\u017e&nbsp;sk\u00f4r <a href=\"https:\/\/literarnenoviny.sk\/servis\/vydavatel-dennika-n-vstupuje-do-ceska-stoji-pri-vzniku-noveho-digitalneho-dennika\/\" rel=\"noopener\" target=\"_blank\">uviedol<\/a>, \u017ee&nbsp;pre&nbsp;nov\u00e9 m\u00e9dium bud\u00fa najpodstatnej\u0161ie pr\u00edjmy od&nbsp;digit\u00e1lnych predplatite\u013eov. <\/p>\n<p><center><div class=\"gca-utility vertical-spacer\"><\/div>\n<blockquote class=\"twitter-tweet\" data-lang=\"sk\">\n<p lang=\"cs\" dir=\"ltr\">Chv\u00edli jsme v\u00e1s nap\u00ednali, ale u\u017e&nbsp;m\u016f\u017eeme prozradit n\u00e1zev na\u0161eho nov\u00e9ho den\u00edku. Ano, bude to NOV\u00dd DEN\u00cdK. ? <a href=\"https:\/\/twitter.com\/hashtag\/novydenik?src=hash&amp;ref_src=twsrc%5Etfw\">#novydenik<\/a> <a href=\"https:\/\/t.co\/8FwPi2qlfr\">pic.twitter.com\/8FwPi2qlfr<\/a><\/p>\n<p>&mdash; NOV\u00dd DEN\u00cdK (@NOVYDENIK) <a href=\"https:\/\/twitter.com\/NOVYDENIK\/status\/1019836603143946240?ref_src=twsrc%5Etfw\">19.&nbsp;j\u00fala 2018<\/a><\/p><\/blockquote>\n<p><script async src=\"https:\/\/platform.twitter.com\/widgets.js\" charset=\"utf-8\"><\/script><div class=\"gca-utility vertical-spacer\"><\/div><\/center><\/p>\n<p>Tla\u010den\u00fa podobu z\u00edska <em><a href=\"http:\/\/novydenik.cz\" rel=\"noopener\" target=\"_blank\">Nov\u00fd den\u00edk<\/a><\/em> asi a\u017e za\u010diatkom bud\u00faceho roka. Vydavate\u013estvo vych\u00e1dza zo&nbsp;sk\u00fasenosti Denn\u00edka N, ktor\u00fd sa&nbsp;na&nbsp;<a href=\"https:\/\/literarnenoviny.sk\/servis\/vydavatel-dennika-n-vstupuje-do-ceska-stoji-pri-vzniku-noveho-digitalneho-dennika\/\" rel=\"noopener\" target=\"_blank\">rozbehu nov\u00e9ho \u010desk\u00e9ho m\u00e9dia<\/a> podie\u013ea. Aj pre&nbsp;slovensk\u00fd denn\u00edk je&nbsp;klasick\u00e1 printov\u00e1 verzia nov\u00edn viac-menej len doplnkom.<\/p>\n<p>Okrem u\u017e&nbsp;medializovanej tv\u00e1re bud\u00faceho \u0161\u00e9fredaktora Pavla Tom\u00e1\u0161ka s\u00fa u\u017e&nbsp;zn\u00e1mi aj <a href=\"https:\/\/mam.cz\/media\/c1-66196950-tomasek-molacek-tvrdon-chystany-denik-odhalil-nazev-i-cast-tymu\" rel=\"noopener\" target=\"_blank\">\u010fal\u0161\u00ed \u010dlenovia redak\u010dn\u00e9ho t\u00edmu<\/a> nov\u00e9ho m\u00e9dia.<\/p>\n<p style=\"text-align: right;\"><small>&mdash;&nbsp;<a href=\"https:\/\/mam.cz\/media\/c1-66196950-tomasek-molacek-tvrdon-chystany-denik-odhalil-nazev-i-cast-tymu\" target=\"_blank\">Marketing&#038;Media<\/a><\/small><\/p>\n","protected":false},"excerpt":{"rendered":"<p>Novovznikaj\u00face \u010desk\u00e9 noviny in\u0161pirovan\u00e9 slovensk\u00fdm Denn\u00edkom N pones\u00fa n\u00e1zov Nov\u00fd den\u00edk. V&nbsp;pripravovanom digit\u00e1lnom denn\u00edku, ktor\u00fd za\u010dne vych\u00e1dza\u0165 koncom okt\u00f3bra, bude pracova\u0165 pribli\u017ene \u0161tyridsa\u0165 redaktorov. Tla\u010den\u00fa podobu z\u00edska Nov\u00fd den\u00edk asi a\u017e za\u010diatkom bud\u00faceho roka. <a href=\"https:\/\/literarnenoviny.sk\/servis\/ceske-noviny-inspirovane-slovenskym-dennikom-n-ponesu-nazov-novy-denik\/\" class=\"more-link\">Cel\u00e1 spr\u00e1va <span class=\"meta-nav\">&rarr;<\/span><\/a><\/p>\n","protected":false},"author":2,"featured_media":0,"comment_status":"closed","ping_status":"closed","sticky":false,"template":"","format":"standard","meta":{"_links_to":"","_links_to_target":""},"categories":[1],"tags":[33,27],"_links":{"self":[{"href":"https:\/\/literarnenoviny.sk\/servis\/wp-json\/wp\/v2\/posts\/3613"}],"collection":[{"href":"https:\/\/literarnenoviny.sk\/servis\/wp-json\/wp\/v2\/posts"}],"about":[{"href":"https:\/\/literarnenoviny.sk\/servis\/wp-json\/wp\/v2\/types\/post"}],"author":[{"embeddable":true,"href":"https:\/\/literarnenoviny.sk\/servis\/wp-json\/wp\/v2\/users\/2"}],"replies":[{"embeddable":true,"href":"https:\/\/literarnenoviny.sk\/servis\/wp-json\/wp\/v2\/comments?post=3613"}],"version-history":[{"count":0,"href":"https:\/\/literarnenoviny.sk\/servis\/wp-json\/wp\/v2\/posts\/3613\/revisions"}],"wp:attachment":[{"href":"https:\/\/literarnenoviny.sk\/servis\/wp-json\/wp\/v2\/media?parent=3613"}],"wp:term":[{"taxonomy":"category","embeddable":true,"href":"https:\/\/literarnenoviny.sk\/servis\/wp-json\/wp\/v2\/categories?post=3613"},{"taxonomy":"post_tag","embeddable":true,"href":"https:\/\/literarnenoviny.sk\/servis\/wp-json\/wp\/v2\/tags?post=3613"}],"curies":[{"name":"wp","href":"https:\/\/api.w.org\/{rel}","templated":true}]}}