{"id":3506,"date":"2018-07-16T17:30:10","date_gmt":"2018-07-16T15:30:10","guid":{"rendered":"https:\/\/literarnenoviny.sk\/servis\/?p=3506"},"modified":"2018-07-21T15:57:42","modified_gmt":"2018-07-21T13:57:42","slug":"vacsina-porotcov-ceskej-statnej-ceny-za-literaturu-rezignovala-na-svoju-funkciu","status":"publish","type":"post","link":"https:\/\/literarnenoviny.sk\/servis\/vacsina-porotcov-ceskej-statnej-ceny-za-literaturu-rezignovala-na-svoju-funkciu\/","title":{"rendered":"V\u00e4\u010d\u0161ina porotcov \u010deskej \u0160t\u00e1tnej ceny za&nbsp;literat\u00faru rezignovala na&nbsp;svoju funkciu"},"content":{"rendered":"<p><strong>B\u00e1snik a&nbsp;liter\u00e1rny historik <a href=\"https:\/\/cs.wikipedia.org\/wiki\/Petr_Hru\u0161ka\" rel=\"noopener\" target=\"_blank\">Petr Hru\u0161ka<\/a> sa&nbsp;spolu s&nbsp;kolegami vzdal \u010dlenstva v&nbsp;porote, ktor\u00e1 ude\u013euje \u010desk\u00fa <a href=\"https:\/\/cs.wikipedia.org\/wiki\/St\u00e1tn\u00ed_ceny_za_literaturu_a_za_p\u0159ekladatelsk\u00e9_d\u00edlo\" rel=\"noopener\" target=\"_blank\">\u0160t\u00e1tnu cenu za&nbsp;literat\u00faru<\/a><\/strong>. Rezignovali celkom \u0161tyria zo&nbsp;siedmich porotcov. Stalo sa&nbsp;to tri mesiace predt\u00fdm, ne\u017e bude pri pr\u00edle\u017eitosti 100.&nbsp;v\u00fdro\u010dia zalo\u017eenia \u010cesko-Slovenskej republiky ozn\u00e1men\u00fd tohtoro\u010dn\u00fd laure\u00e1t.<\/p>\n<p><em>\u201eN\u00e1\u0161 \u0161t\u00e1t reprezentuje odpudzuj\u00faca vl\u00e1da, ktor\u00e1 svoje posty vyhandlovala s&nbsp;komunistami a&nbsp;sp\u00f4sobila, \u017ee&nbsp;sa&nbsp;extr\u00e9mistick\u00e1 politick\u00e1 strana stala skrytou aj zjavnou s\u00fa\u010das\u0165ou \u0161t\u00e1tnej moci,\u201c<\/em> vysvetlil d\u00f4vody svojej rezign\u00e1cie Petr Hru\u0161ka. <\/p>\n<p>Pod\u013ea neho s\u00fa prv\u00fdkr\u00e1t od&nbsp;novembra 1989 <em>\u201eneskr\u00fdvane a&nbsp;ochotne vyu\u017e\u00edvan\u00e9 politick\u00e9 sily\u201c<\/em>, ktor\u00e9 Hru\u0161ka pova\u017euje za&nbsp;ne\u013eudsk\u00e9 a&nbsp;zhubn\u00e9.<\/p>\n<p><a href=\"http:\/\/www.bubinekrevolveru.cz\/rezignace-petra-hrusky-na-clenstvi-v-porote-statni-ceny-za-literaturu-jako-reakce-na-babisovu-novo-0\" rel=\"noopener\" target=\"_blank\">B\u00e1snikov list<\/a> adresovan\u00fd \u010desk\u00e9mu Ministerstvu kult\u00fary vznikol de\u0148 po&nbsp;tom, ako men\u0161inov\u00e1 vl\u00e1da premi\u00e9ra Andreja Babi\u0161a z\u00edskala podporu od&nbsp;z\u00e1konodarcov Komunistickej strany \u010ciech a&nbsp;Moravy.<\/p>\n<p>Okrem Hru\u0161ku rezignovali na&nbsp;\u010dlenstvo v&nbsp;porote \u010deskej \u0160t\u00e1tnej ceny za&nbsp;literat\u00faru aj nemeck\u00fd bohemista a&nbsp;profesor slavistiky na&nbsp;heidelberskej univerzite <a href=\"https:\/\/www.slav.uni-heidelberg.de\/personal\/uheftrich.html\" rel=\"noopener\" target=\"_blank\">Urs Heftrich<\/a>, novin\u00e1rka <a href=\"https:\/\/www.reflex.cz\/writerprofile\/35\/katerina-kadlecova\" rel=\"noopener\" target=\"_blank\">Kate\u0159ina Kadlecov\u00e1<\/a> z&nbsp;t\u00fd\u017edenn\u00edka Reflex a&nbsp;<a href=\"https:\/\/cs.wikipedia.org\/wiki\/Petr_A._B\u00edlek\" rel=\"noopener\" target=\"_blank\">Petr B\u00edlek<\/a>, profesor \u00dastavu \u010deskej literat\u00fary a&nbsp;komparatistiky na&nbsp;Filozofickej fakulte Univerzity Karlovej.<\/p>\n<p style=\"text-align: right;\"><small>&mdash;&nbsp;<a href=\"https:\/\/magazin.aktualne.cz\/kultura\/literatura\/statni-cena-za-literaturu-rezignace-porota-hruska-stanek\/r~b1fd2c14890111e8a6210cc47ab5f122\/\" target=\"_blank\">Aktu\u00e1lne.cz<\/a><\/small><\/p>\n","protected":false},"excerpt":{"rendered":"<p>B\u00e1snik a&nbsp;liter\u00e1rny historik Petr Hru\u0161ka sa&nbsp;spolu s&nbsp;kolegami vzdal \u010dlenstva v&nbsp;porote, ktor\u00e1 ude\u013euje \u010desk\u00fa \u0160t\u00e1tnu cenu za&nbsp;literat\u00faru. Rezignovali celkom \u0161tyria zo&nbsp;siedmich porotcov. Stalo sa&nbsp;to tri mesiace predt\u00fdm, ne\u017e bude pri pr\u00edle\u017eitosti 100.&nbsp;v\u00fdro\u010dia zalo\u017eenia \u010cesko-Slovenskej republiky ozn\u00e1men\u00fd tohtoro\u010dn\u00fd laure\u00e1t. <a href=\"https:\/\/literarnenoviny.sk\/servis\/vacsina-porotcov-ceskej-statnej-ceny-za-literaturu-rezignovala-na-svoju-funkciu\/\" class=\"more-link\">Cel\u00e1 spr\u00e1va <span class=\"meta-nav\">&rarr;<\/span><\/a><\/p>\n","protected":false},"author":2,"featured_media":0,"comment_status":"closed","ping_status":"closed","sticky":false,"template":"","format":"standard","meta":{"_links_to":"","_links_to_target":""},"categories":[1],"tags":[3,21,23],"_links":{"self":[{"href":"https:\/\/literarnenoviny.sk\/servis\/wp-json\/wp\/v2\/posts\/3506"}],"collection":[{"href":"https:\/\/literarnenoviny.sk\/servis\/wp-json\/wp\/v2\/posts"}],"about":[{"href":"https:\/\/literarnenoviny.sk\/servis\/wp-json\/wp\/v2\/types\/post"}],"author":[{"embeddable":true,"href":"https:\/\/literarnenoviny.sk\/servis\/wp-json\/wp\/v2\/users\/2"}],"replies":[{"embeddable":true,"href":"https:\/\/literarnenoviny.sk\/servis\/wp-json\/wp\/v2\/comments?post=3506"}],"version-history":[{"count":0,"href":"https:\/\/literarnenoviny.sk\/servis\/wp-json\/wp\/v2\/posts\/3506\/revisions"}],"wp:attachment":[{"href":"https:\/\/literarnenoviny.sk\/servis\/wp-json\/wp\/v2\/media?parent=3506"}],"wp:term":[{"taxonomy":"category","embeddable":true,"href":"https:\/\/literarnenoviny.sk\/servis\/wp-json\/wp\/v2\/categories?post=3506"},{"taxonomy":"post_tag","embeddable":true,"href":"https:\/\/literarnenoviny.sk\/servis\/wp-json\/wp\/v2\/tags?post=3506"}],"curies":[{"name":"wp","href":"https:\/\/api.w.org\/{rel}","templated":true}]}}