{"id":341,"date":"2017-05-12T22:10:38","date_gmt":"2017-05-12T20:10:38","guid":{"rendered":"http:\/\/www.literarnenoviny.sk\/servis\/?p=341"},"modified":"2017-05-12T22:10:38","modified_gmt":"2017-05-12T20:10:38","slug":"spisovatel-ian-mcewan-sa-v-londyne-vyjadril-proti-odchodu-britanie-z-europskej-unie","status":"publish","type":"post","link":"https:\/\/literarnenoviny.sk\/servis\/spisovatel-ian-mcewan-sa-v-londyne-vyjadril-proti-odchodu-britanie-z-europskej-unie\/","title":{"rendered":"Spisovate\u013e Ian McEwan sa&nbsp;v&nbsp;Lond\u00fdne vyjadril proti odchodu Brit\u00e1nie z&nbsp;Eur\u00f3pskej \u00fanie"},"content":{"rendered":"<p><strong>Spisovate\u013e <a href=\"http:\/\/Ian McEwan\" target=\"_blank\">Ian McEwan<\/a> a&nbsp;spev\u00e1k Bob Geldof <a href=\"https:\/\/www.afp.com\/es\/noticias\/209\/ian-mcewan-bob-geldof-y-jarvis-cocker-se-unen-contra-el-brexit\" target=\"_blank\">vyst\u00fapili dnes v&nbsp;Lond\u00fdne proti odchodu Brit\u00e1nie z&nbsp;Eur\u00f3pskej \u00fanie<\/a><\/strong>. Po\u010das konferencie nazvanej Brexit a&nbsp;politick\u00fd \u00fapadok po\u017eadovali, aby po&nbsp;ukon\u010den\u00ed v\u00fdstupov\u00fdch rokovan\u00ed bolo v&nbsp;krajine vyp\u00edsan\u00e9 nov\u00e9 referendum. <\/p>\n","protected":false},"excerpt":{"rendered":"<p>Spisovate\u013e Ian McEwan a&nbsp;spev\u00e1k Bob Geldof vyst\u00fapili dnes v&nbsp;Lond\u00fdne proti odchodu Brit\u00e1nie z&nbsp;Eur\u00f3pskej \u00fanie. Po\u010das konferencie nazvanej Brexit a&nbsp;politick\u00fd \u00fapadok po\u017eadovali, aby po&nbsp;ukon\u010den\u00ed v\u00fdstupov\u00fdch rokovan\u00ed bolo v&nbsp;krajine vyp\u00edsan\u00e9 nov\u00e9 referendum.  <a href=\"https:\/\/literarnenoviny.sk\/servis\/spisovatel-ian-mcewan-sa-v-londyne-vyjadril-proti-odchodu-britanie-z-europskej-unie\/\" class=\"more-link\">Cel\u00e1 spr\u00e1va <span class=\"meta-nav\">&rarr;<\/span><\/a><\/p>\n","protected":false},"author":2,"featured_media":0,"comment_status":"closed","ping_status":"open","sticky":false,"template":"","format":"standard","meta":{"_links_to":"","_links_to_target":""},"categories":[1],"tags":[3,23],"_links":{"self":[{"href":"https:\/\/literarnenoviny.sk\/servis\/wp-json\/wp\/v2\/posts\/341"}],"collection":[{"href":"https:\/\/literarnenoviny.sk\/servis\/wp-json\/wp\/v2\/posts"}],"about":[{"href":"https:\/\/literarnenoviny.sk\/servis\/wp-json\/wp\/v2\/types\/post"}],"author":[{"embeddable":true,"href":"https:\/\/literarnenoviny.sk\/servis\/wp-json\/wp\/v2\/users\/2"}],"replies":[{"embeddable":true,"href":"https:\/\/literarnenoviny.sk\/servis\/wp-json\/wp\/v2\/comments?post=341"}],"version-history":[{"count":0,"href":"https:\/\/literarnenoviny.sk\/servis\/wp-json\/wp\/v2\/posts\/341\/revisions"}],"wp:attachment":[{"href":"https:\/\/literarnenoviny.sk\/servis\/wp-json\/wp\/v2\/media?parent=341"}],"wp:term":[{"taxonomy":"category","embeddable":true,"href":"https:\/\/literarnenoviny.sk\/servis\/wp-json\/wp\/v2\/categories?post=341"},{"taxonomy":"post_tag","embeddable":true,"href":"https:\/\/literarnenoviny.sk\/servis\/wp-json\/wp\/v2\/tags?post=341"}],"curies":[{"name":"wp","href":"https:\/\/api.w.org\/{rel}","templated":true}]}}