{"id":3380,"date":"2018-07-07T16:50:46","date_gmt":"2018-07-07T14:50:46","guid":{"rendered":"https:\/\/literarnenoviny.sk\/servis\/?p=3380"},"modified":"2018-07-08T11:23:36","modified_gmt":"2018-07-08T09:23:36","slug":"na-festivale-pohoda-vyhlasila-porota-vitazov-literarnej-sutaze-poviedka-2018","status":"publish","type":"post","link":"https:\/\/literarnenoviny.sk\/servis\/na-festivale-pohoda-vyhlasila-porota-vitazov-literarnej-sutaze-poviedka-2018\/","title":{"rendered":"Na festivale Pohoda vyhl\u00e1sila porota v\u00ed\u0165azov liter\u00e1rnej s\u00fa\u0165a\u017ee Poviedka 2018"},"content":{"rendered":"<p><strong>Porota liter\u00e1rnej s\u00fa\u0165a\u017ee <a href=\"http:\/\/poviedka.kkbagala.sk\/\" rel=\"noopener\" target=\"_blank\">Poviedka 2018<\/a> vyhl\u00e1sila v\u00ed\u0165azov v&nbsp;Liter\u00e1rnom stane Martinus na&nbsp;festivale Pohoda 2018<\/strong>. Zv\u00ed\u0165azila autorka Jana Turz\u00e1kov\u00e1 s&nbsp;poviedkou <em><strong>Medzi dvoma vlakmi<\/strong><\/em>.<\/p>\n<p>Do 22.&nbsp;ro\u010dn\u00edka pri\u0161lo 348 textov. Z&nbsp;nich porota z&nbsp;nich vybrala osem. V\u00ed\u0165azn\u00e1 poviedka spolu s&nbsp;\u010fal\u0161\u00edmi siedmimi, ktor\u00e9 boli ocenen\u00e9 pr\u00e9miou, bud\u00fa zaraden\u00e9 do&nbsp;zborn\u00edka <em>Poviedka 2018<\/em>.<\/p>\n<p>Kvalitu textov hodnotila porota v&nbsp;zlo\u017een\u00ed: Svetana \u017duchov\u00e1, So\u0148a Urikov\u00e1, Jakub Za\u0165ovi\u010d, M\u00e1ria Modrovich, Marek Grajciar a&nbsp;Michal Hlatk\u00fd. <\/p>\n<p><center><div class=\"gca-utility vertical-spacer\"><\/div><iframe loading=\"lazy\" src=\"https:\/\/www.facebook.com\/plugins\/post.php?href=https%3A%2F%2Fwww.facebook.com%2Fpoviedka.sk%2Fposts%2F1975568572488450&#038;width=500\" width=\"500\" height=\"218\" style=\"border:none;overflow:hidden\" scrolling=\"no\" frameborder=\"0\" allowTransparency=\"true\" allow=\"encrypted-media\"><\/iframe><div class=\"gca-utility vertical-spacer\"><\/div><\/center><\/p>\n<p>Vo vybran\u00fdch pr\u00e9miov\u00fdch textoch ocenila porota snahu ich autorov o&nbsp;autenticitu a&nbsp;reflexiu aktu\u00e1lnych t\u00e9m.<\/p>\n<p>Napriek tomu porota pova\u017euje ich v\u0161eobecn\u00fa \u00farove\u0148 za&nbsp;ni\u017e\u0161iu. V&nbsp;mnoh\u00fdch s\u00fa\u0165a\u017en\u00fdch pr\u00edspevkoch bol badate\u013en\u00fd nedostatok z\u00e1kladn\u00fdch liter\u00e1rnych zru\u010dnost\u00ed, neuvedomen\u00e1 rezign\u00e1cia na&nbsp;konzistentn\u00e9 a&nbsp;koherentn\u00e9 rozpr\u00e1vanie a&nbsp;n\u00edzka miera schopnosti transformova\u0165 banalitu \u017eivota do&nbsp;uzavret\u00e9ho, symbolick\u00e9ho tvaru.<\/p>\n<p>Vo v\u00ed\u0165aznej poviedke porota ocenila civiln\u00fd liter\u00e1rny prejav a&nbsp;pr\u00e1cu s&nbsp;podtextom, na&nbsp;z\u00e1klade ktor\u00e9ho vznik\u00e1 v&nbsp;texte tenzia medzi v\u0161edn\u00fdm \u017eivotom a&nbsp;existencion\u00e1lnou \u00fazkos\u0165ou, plyn\u00facou z&nbsp;nemo\u017enosti vyst\u00fapi\u0165 z&nbsp;preddefinovanej soci\u00e1lnej roly.<\/p>\n<p>S\u00fa\u0165a\u017e Poviedka od&nbsp;roku 1996 pravidelne vyhlasuje vydavate\u013estvo <a href=\"http:\/\/www.kkbagala.sk\/\" rel=\"noopener\" target=\"_blank\">KK Bagala<\/a>.<\/p>\n<p style=\"text-align: right;\"><small>&mdash;&nbsp;<a href=\"https:\/\/www.facebook.com\/poviedka.sk\/posts\/1975568572488450\" target=\"_blank\">Poviedka 2018<\/a><\/small><\/p>\n","protected":false},"excerpt":{"rendered":"<p>Porota liter\u00e1rnej s\u00fa\u0165a\u017ee Poviedka 2018 vyhl\u00e1sila v\u00ed\u0165azov v&nbsp;Liter\u00e1rnom stane Martinus na&nbsp;festivale Pohoda 2018. Zv\u00ed\u0165azila autorka Jana Turz\u00e1kov\u00e1 s&nbsp;poviedkou Medzi dvoma vlakmi. V\u00ed\u0165azna poviedka spolu so&nbsp;siedmimi pr\u00e9miov\u00fdmi bud\u00fa zaraden\u00e9 do&nbsp;zborn\u00edka Poviedka 2018. <a href=\"https:\/\/literarnenoviny.sk\/servis\/na-festivale-pohoda-vyhlasila-porota-vitazov-literarnej-sutaze-poviedka-2018\/\" class=\"more-link\">Cel\u00e1 spr\u00e1va <span class=\"meta-nav\">&rarr;<\/span><\/a><\/p>\n","protected":false},"author":2,"featured_media":0,"comment_status":"closed","ping_status":"closed","sticky":false,"template":"","format":"standard","meta":{"_links_to":"","_links_to_target":""},"categories":[1],"tags":[21,51,52],"_links":{"self":[{"href":"https:\/\/literarnenoviny.sk\/servis\/wp-json\/wp\/v2\/posts\/3380"}],"collection":[{"href":"https:\/\/literarnenoviny.sk\/servis\/wp-json\/wp\/v2\/posts"}],"about":[{"href":"https:\/\/literarnenoviny.sk\/servis\/wp-json\/wp\/v2\/types\/post"}],"author":[{"embeddable":true,"href":"https:\/\/literarnenoviny.sk\/servis\/wp-json\/wp\/v2\/users\/2"}],"replies":[{"embeddable":true,"href":"https:\/\/literarnenoviny.sk\/servis\/wp-json\/wp\/v2\/comments?post=3380"}],"version-history":[{"count":0,"href":"https:\/\/literarnenoviny.sk\/servis\/wp-json\/wp\/v2\/posts\/3380\/revisions"}],"wp:attachment":[{"href":"https:\/\/literarnenoviny.sk\/servis\/wp-json\/wp\/v2\/media?parent=3380"}],"wp:term":[{"taxonomy":"category","embeddable":true,"href":"https:\/\/literarnenoviny.sk\/servis\/wp-json\/wp\/v2\/categories?post=3380"},{"taxonomy":"post_tag","embeddable":true,"href":"https:\/\/literarnenoviny.sk\/servis\/wp-json\/wp\/v2\/tags?post=3380"}],"curies":[{"name":"wp","href":"https:\/\/api.w.org\/{rel}","templated":true}]}}