{"id":3356,"date":"2018-07-04T11:55:39","date_gmt":"2018-07-04T09:55:39","guid":{"rendered":"https:\/\/literarnenoviny.sk\/servis\/?p=3356"},"modified":"2020-10-15T22:06:40","modified_gmt":"2020-10-15T20:06:40","slug":"vo-veku-73-rokov-zomrela-ceska-vydavatelka-a-spisovatelka-marta-davouze","status":"publish","type":"post","link":"https:\/\/literarnenoviny.sk\/servis\/vo-veku-73-rokov-zomrela-ceska-vydavatelka-a-spisovatelka-marta-davouze\/","title":{"rendered":"Vo veku 73 rokov zomrela \u010desk\u00e1 vydavate\u013eka a&nbsp;spisovate\u013eka Marta Davouze"},"content":{"rendered":"<p><strong>Vo veku 73 rokov zomrela \u010desk\u00e1 vydavate\u013eka a&nbsp;spisovate\u013eka <a href=\"https:\/\/cs.wikipedia.org\/wiki\/Marta_Davouze\" rel=\"noopener noreferrer\" target=\"_blank\">Marta Davouze<\/a><\/strong>. Absolventka Filozofickej fakulty Univerzity Karlovej p\u00f4sobila ako knihovn\u00ed\u010dka a&nbsp;kni\u017en\u00e1 redaktorka. <\/p>\n<p>Bola dlhoro\u010dnou riadite\u013ekou <a href=\"http:\/\/www.franzkafka-soc.cz\/centrum\/\" rel=\"noopener noreferrer\" target=\"_blank\">Centra Franza Kafku<\/a> a&nbsp;je&nbsp;pova\u017eovan\u00e1 za&nbsp;inici\u00e1torku Ceny Franza Kafku aj pra\u017esk\u00e9ho pomn\u00edka Franza Kafku. Marta Davouze bola autorkou nieko\u013ek\u00fdch <a href=\"https:\/\/www.martinus.sk\/authors\/marta-davouze\/?z=WLGC7F&#038;utm_source=z%3DWLGC7F&#038;utm_medium=url&#038;utm_campaign=partner\" rel=\"noopener noreferrer\" target=\"_blank\">\u00faspe\u0161n\u00fdch beletristick\u00fdch titulov<\/a>.<\/p>\n<p><center><div class=\"gca-utility vertical-spacer\"><\/div>\n<blockquote class=\"twitter-tweet\" data-lang=\"sk\">\n<p lang=\"cs\" dir=\"ltr\">S velikou l\u00edtost\u00ed V\u00e1m bohu\u017eel mus\u00edm ozn\u00e1mit \u017ee&nbsp;jsme obdr\u017eeli smutnou zpr\u00e1vu o&nbsp;smrti domovsk\u00e9 autorky MF pan\u00ed spisovatelky Marty Davouze. Tuto zpr\u00e1vu n\u00e1m sd\u011blila jej\u00ed rodina. Pan\u00ed Davouze podlehla po&nbsp;dlouh\u00e9m boji t\u011b\u017ek\u00e9 nemoci.<\/p>\n<p>&mdash; Mlad\u00e1 fronta (@mfknihy) <a href=\"https:\/\/twitter.com\/mfknihy\/status\/1014445570944053248?ref_src=twsrc%5Etfw\">4.&nbsp;j\u00fala 2018<\/a><\/p><\/blockquote>\n<p><script async src=\"https:\/\/platform.twitter.com\/widgets.js\" charset=\"utf-8\"><\/script><div class=\"gca-utility vertical-spacer\"><\/div><\/center><\/p>\n<p>So svoj\u00edm b\u00fdval\u00fdm man\u017eelom a&nbsp;niekdaj\u0161\u00edm riadite\u013eom <a href=\"http:\/\/tv.nova.cz\/\" rel=\"noopener noreferrer\" target=\"_blank\">Telev\u00edzie Nova<\/a> Vladim\u00edrom \u017delezn\u00fdm mala dvoch synov. Po&nbsp;rozvode sa&nbsp;vydala za&nbsp;Franc\u00faza Jo\u00ebla Davouze. <\/p>\n<p>Spisovate\u013eka Marta Davouze zomrela po&nbsp;dlhej chorobe. Jej \u00famrtie ozn\u00e1milo vydavate\u013estvo <a href=\"https:\/\/www.kniha.cz\/\" rel=\"noopener noreferrer\" target=\"_blank\">Mlad\u00e1 fronta<\/a> na&nbsp;svojom <a href=\"https:\/\/twitter.com\/mfknihy\" rel=\"noopener noreferrer\" target=\"_blank\">twitterovom \u00fa\u010dte<\/a>.<\/p>\n","protected":false},"excerpt":{"rendered":"<p>Vo veku 73 rokov zomrela \u010desk\u00e1 vydavate\u013eka, publicistka a&nbsp;spisovate\u013eka Marta Davouze. Absolventka Filozofickej fakulty Univerzity Karlovej p\u00f4sobila ako knihovn\u00ed\u010dka a&nbsp;kni\u017en\u00e1 redaktorka. Bola dlhoro\u010dnou riadite\u013ekou Centra Franza Kafku a&nbsp;je&nbsp;pova\u017eovan\u00e1 za&nbsp;inici\u00e1torku Ceny Franza Kafku. <a href=\"https:\/\/literarnenoviny.sk\/servis\/vo-veku-73-rokov-zomrela-ceska-vydavatelka-a-spisovatelka-marta-davouze\/\" class=\"more-link\">Cel\u00e1 spr\u00e1va <span class=\"meta-nav\">&rarr;<\/span><\/a><\/p>\n","protected":false},"author":2,"featured_media":0,"comment_status":"closed","ping_status":"closed","sticky":false,"template":"","format":"standard","meta":{"_links_to":"","_links_to_target":""},"categories":[1],"tags":[3,21,209,34],"_links":{"self":[{"href":"https:\/\/literarnenoviny.sk\/servis\/wp-json\/wp\/v2\/posts\/3356"}],"collection":[{"href":"https:\/\/literarnenoviny.sk\/servis\/wp-json\/wp\/v2\/posts"}],"about":[{"href":"https:\/\/literarnenoviny.sk\/servis\/wp-json\/wp\/v2\/types\/post"}],"author":[{"embeddable":true,"href":"https:\/\/literarnenoviny.sk\/servis\/wp-json\/wp\/v2\/users\/2"}],"replies":[{"embeddable":true,"href":"https:\/\/literarnenoviny.sk\/servis\/wp-json\/wp\/v2\/comments?post=3356"}],"version-history":[{"count":0,"href":"https:\/\/literarnenoviny.sk\/servis\/wp-json\/wp\/v2\/posts\/3356\/revisions"}],"wp:attachment":[{"href":"https:\/\/literarnenoviny.sk\/servis\/wp-json\/wp\/v2\/media?parent=3356"}],"wp:term":[{"taxonomy":"category","embeddable":true,"href":"https:\/\/literarnenoviny.sk\/servis\/wp-json\/wp\/v2\/categories?post=3356"},{"taxonomy":"post_tag","embeddable":true,"href":"https:\/\/literarnenoviny.sk\/servis\/wp-json\/wp\/v2\/tags?post=3356"}],"curies":[{"name":"wp","href":"https:\/\/api.w.org\/{rel}","templated":true}]}}