{"id":3352,"date":"2018-07-03T18:35:33","date_gmt":"2018-07-03T16:35:33","guid":{"rendered":"https:\/\/literarnenoviny.sk\/servis\/?p=3352"},"modified":"2018-07-04T19:46:26","modified_gmt":"2018-07-04T17:46:26","slug":"syn-slovenskeho-exministra-podal-trestne-oznamenie-na-spisovatela-michala-havrana","status":"publish","type":"post","link":"https:\/\/literarnenoviny.sk\/servis\/syn-slovenskeho-exministra-podal-trestne-oznamenie-na-spisovatela-michala-havrana\/","title":{"rendered":"Syn slovensk\u00e9ho exministra podal trestn\u00e9 ozn\u00e1menie na&nbsp;spisovate\u013ea Michala Havrana"},"content":{"rendered":"<p><strong>Syn b\u00fdval\u00e9ho slovensk\u00e9ho ministra spravodlivosti podal trestn\u00e9 ozn\u00e1menie na&nbsp;publicistu a&nbsp;spisovate\u013ea Michala Havrana<\/strong>. Z\u00e1stupky\u0148a advok\u00e1tskej kancel\u00e1rie \u010carnogursk\u00fd ULC informovala m\u00e9dia, \u017ee&nbsp;ozn\u00e1menie s\u00favis\u00ed s&nbsp;Havranov\u00fdm \u010dl\u00e1nkom v&nbsp;denn\u00edku SME s&nbsp;n\u00e1zvom <em>\u201ePo\u0161lite Kuffu do&nbsp;cirkusu\u201c<\/em> s&nbsp;podtitulom <em>\u201ePrel\u00e1tom vyhovuj\u00fa \u010do&nbsp;najdebilnej\u0161\u00ed veriaci\u201c<\/em>.<\/p>\n<p><em>\u201eAutor sa&nbsp;postavil proti Bohu kres\u0165anov a&nbsp;proti Je\u017ei\u0161ovi Kristovi. \u010cl\u00e1nok autora je&nbsp;nielen nemor\u00e1lny, ale aj protipr\u00e1vny. Jeho zverejnen\u00edm bol sp\u00e1chan\u00fd trestn\u00fd \u010din,\u201c<\/em> uviedol J\u00e1n \u010carnogursk\u00fd ml.<\/p>\n<p>Dodal, \u017ee&nbsp;autor hanobiaceho \u010dl\u00e1nku m\u00f4\u017ee iba d\u00fafa\u0165, \u017ee&nbsp;ho stihne iba pr\u00edsny trest zo&nbsp;strany \u0161t\u00e1tnej moci a&nbsp;nie trest Bo\u017e\u00ed.<\/p>\n<p>V \u010dl\u00e1nku spom\u00ednan\u00fd k\u0148az Mari\u00e1n Kuffa pod\u013ea \u010carnogursk\u00e9ho pomohol stovk\u00e1m \u013eud\u00ed, ktor\u00ed by bez jeho pomoci pravdepodobne skon\u010dili ako bezdomovci a&nbsp;zostali by na&nbsp;okraji spolo\u010dnosti. Oproti tomu autor \u010dl\u00e1nku nikomu nepomohol, pr\u00e1ve naopak, iba \u0161\u00edri hlbok\u00fa nen\u00e1vis\u0165 proti kres\u0165anstvu a&nbsp;kres\u0165anom.<\/p>\n<p style=\"text-align: right;\"><small>&mdash;&nbsp;<a href=\"https:\/\/www.webnoviny.sk\/advokatska-kancelaria-carnogursky-podala-trestne-oznamenie-na-havrana-pre-clanok-o-knazovi-kuffovi\/\" target=\"_blank\">Webnoviny<\/a><\/small><\/p>\n","protected":false},"excerpt":{"rendered":"<p>Syn b\u00fdval\u00e9ho slovensk\u00e9ho ministra spravodlivosti podal trestn\u00e9 ozn\u00e1menie na&nbsp;publicistu a&nbsp;spisovate\u013ea Michala Havrana. Z\u00e1stupky\u0148a advok\u00e1tskej kancel\u00e1rie \u010carnogursk\u00fd ULC informovala m\u00e9dia, \u017ee&nbsp;ozn\u00e1menie s\u00favis\u00ed s&nbsp;Havranov\u00fdm \u010dl\u00e1nkom v&nbsp;denn\u00edku SME. <a href=\"https:\/\/literarnenoviny.sk\/servis\/syn-slovenskeho-exministra-podal-trestne-oznamenie-na-spisovatela-michala-havrana\/\" class=\"more-link\">Cel\u00e1 spr\u00e1va <span class=\"meta-nav\">&rarr;<\/span><\/a><\/p>\n","protected":false},"author":2,"featured_media":0,"comment_status":"closed","ping_status":"closed","sticky":false,"template":"","format":"standard","meta":{"_links_to":"","_links_to_target":""},"categories":[1],"tags":[37,33,27],"_links":{"self":[{"href":"https:\/\/literarnenoviny.sk\/servis\/wp-json\/wp\/v2\/posts\/3352"}],"collection":[{"href":"https:\/\/literarnenoviny.sk\/servis\/wp-json\/wp\/v2\/posts"}],"about":[{"href":"https:\/\/literarnenoviny.sk\/servis\/wp-json\/wp\/v2\/types\/post"}],"author":[{"embeddable":true,"href":"https:\/\/literarnenoviny.sk\/servis\/wp-json\/wp\/v2\/users\/2"}],"replies":[{"embeddable":true,"href":"https:\/\/literarnenoviny.sk\/servis\/wp-json\/wp\/v2\/comments?post=3352"}],"version-history":[{"count":0,"href":"https:\/\/literarnenoviny.sk\/servis\/wp-json\/wp\/v2\/posts\/3352\/revisions"}],"wp:attachment":[{"href":"https:\/\/literarnenoviny.sk\/servis\/wp-json\/wp\/v2\/media?parent=3352"}],"wp:term":[{"taxonomy":"category","embeddable":true,"href":"https:\/\/literarnenoviny.sk\/servis\/wp-json\/wp\/v2\/categories?post=3352"},{"taxonomy":"post_tag","embeddable":true,"href":"https:\/\/literarnenoviny.sk\/servis\/wp-json\/wp\/v2\/tags?post=3352"}],"curies":[{"name":"wp","href":"https:\/\/api.w.org\/{rel}","templated":true}]}}